{"id":40854,"date":"2023-05-19T12:32:26","date_gmt":"2023-05-19T18:32:26","guid":{"rendered":"https:\/\/encuentroinformativo.com.mx\/?p=40854"},"modified":"2023-05-19T12:32:36","modified_gmt":"2023-05-19T18:32:36","slug":"en-riesgo-mercancia-de-mercado-de-pescaderia-llevan-un-dia-sin-luz","status":"publish","type":"post","link":"https:\/\/encuentroinformativo.com.mx\/?p=40854","title":{"rendered":"En riesgo mercanc\u00eda de Mercado de Pescader\u00eda llevan un d\u00eda sin luz"},"content":{"rendered":"\n<p><strong>Alejandro \u00c1vila<\/strong><\/p>\n\n\n\n<p>Veracruz, Ver.- Molestia y preocupaci\u00f3n persiste en los comerciantes del Mercado de Pescader\u00eda ubicado sobre la calle Icazo, toda vez que llevan 24 horas sin energ\u00eda el\u00e9ctrica.<\/p>\n\n\n\n<p>Los mercaderes se\u00f1alan que a pesar de los diversos reportes a la Comisi\u00f3n Federal de Electricidad (CFE) \u00e9sta no les ha resuelto cuando quedar\u00e1 habilitada la energ\u00eda el\u00e9ctrica, por lo que peligra toda la mercanc\u00eda que tienen en sus bodegas, adem\u00e1s de que esto afectar\u00e1 sus ventas.<\/p>\n\n\n\n<p>Tal fue su desesperaci\u00f3n, que tuvieron que acudir al Ayuntamiento de Veracruz para solicitar el apoyo de la alcaldesa, Patricia Lobeira Rodr\u00edguez.<\/p>\n\n\n\n<p>&#8220;\u2026 todo esto aunado a los &#8216;apagones&#8217; que hemos tenido con CFE, tambi\u00e9n se echan a perder los alimentos en diferentes lugares, hoy me hablaban de Pescader\u00eda que estaban ya tambi\u00e9n desesperados porque llevan ya un d\u00eda sin luz y no tienen para cuando, me han dicho que han reportado ya a CFE, sin embargo no les est\u00e1n contestando, y a ellos les urge porque todo el producto que tienen ah\u00ed se puede echar a perder&#8221;, expres\u00f3 la presidenta municipal de Veracruz.<\/p>\n\n\n\n<p>Este viernes el Ayuntamiento de Veracruz inici\u00f3 una campa\u00f1a de desparasitaci\u00f3n en menores de edad, con la finalidad de evitar enfermedades gastrointestinales durante las temporadas de calores.<\/p>\n","protected":false},"excerpt":{"rendered":"<p>Alejandro \u00c1vila Veracruz, Ver.- Molestia y preocupaci\u00f3n persiste en los comerciantes del Mercado de Pescader\u00eda ubicado sobre la calle Icazo, toda vez que llevan 24 horas sin energ\u00eda el\u00e9ctrica. Los mercaderes se\u00f1alan que a pesar de los diversos reportes a la Comisi\u00f3n Federal de Electricidad (CFE) \u00e9sta no les ha resuelto cuando quedar\u00e1 habilitada la [&hellip;]<\/p>\n","protected":false},"author":2476,"featured_media":40855,"comment_status":"open","ping_status":"open","sticky":false,"template":"","format":"standard","meta":{"_jetpack_memberships_contains_paid_content":false,"footnotes":""},"categories":[2],"tags":[],"class_list":["post-40854","post","type-post","status-publish","format-standard","has-post-thumbnail","hentry","category-estado"],"jetpack_featured_media_url":"https:\/\/encuentroinformativo.com.mx\/wp-content\/uploads\/2023\/05\/IMG-20230519-WA0019.jpg","jetpack_sharing_enabled":true,"jetpack_likes_enabled":true,"amp_enabled":true,"_links":{"self":[{"href":"https:\/\/encuentroinformativo.com.mx\/index.php?rest_route=\/wp\/v2\/posts\/40854","targetHints":{"allow":["GET"]}}],"collection":[{"href":"https:\/\/encuentroinformativo.com.mx\/index.php?rest_route=\/wp\/v2\/posts"}],"about":[{"href":"https:\/\/encuentroinformativo.com.mx\/index.php?rest_route=\/wp\/v2\/types\/post"}],"author":[{"embeddable":true,"href":"https:\/\/encuentroinformativo.com.mx\/index.php?rest_route=\/wp\/v2\/users\/2476"}],"replies":[{"embeddable":true,"href":"https:\/\/encuentroinformativo.com.mx\/index.php?rest_route=%2Fwp%2Fv2%2Fcomments&post=40854"}],"version-history":[{"count":1,"href":"https:\/\/encuentroinformativo.com.mx\/index.php?rest_route=\/wp\/v2\/posts\/40854\/revisions"}],"predecessor-version":[{"id":40856,"href":"https:\/\/encuentroinformativo.com.mx\/index.php?rest_route=\/wp\/v2\/posts\/40854\/revisions\/40856"}],"wp:featuredmedia":[{"embeddable":true,"href":"https:\/\/encuentroinformativo.com.mx\/index.php?rest_route=\/wp\/v2\/media\/40855"}],"wp:attachment":[{"href":"https:\/\/encuentroinformativo.com.mx\/index.php?rest_route=%2Fwp%2Fv2%2Fmedia&parent=40854"}],"wp:term":[{"taxonomy":"category","embeddable":true,"href":"https:\/\/encuentroinformativo.com.mx\/index.php?rest_route=%2Fwp%2Fv2%2Fcategories&post=40854"},{"taxonomy":"post_tag","embeddable":true,"href":"https:\/\/encuentroinformativo.com.mx\/index.php?rest_route=%2Fwp%2Fv2%2Ftags&post=40854"}],"curies":[{"name":"wp","href":"https:\/\/api.w.org\/{rel}","templated":true}]}}