{"id":40857,"date":"2023-05-19T13:15:46","date_gmt":"2023-05-19T19:15:46","guid":{"rendered":"https:\/\/encuentroinformativo.com.mx\/?p=40857"},"modified":"2023-05-19T13:15:50","modified_gmt":"2023-05-19T19:15:50","slug":"por-denuncia-ante-la-fgr-los-yunes-abandonan-al-constructor-de-la-torre-centro","status":"publish","type":"post","link":"https:\/\/encuentroinformativo.com.mx\/?p=40857","title":{"rendered":"POR DENUNCIA ANTE LA FGR, \u00bfLOS YUNES ABANDONAN AL CONSTRUCTOR DE LA TORRE CENTRO?"},"content":{"rendered":"\n<p><strong>ColumnaSinNombre\u2026 PeroRapidita<\/strong><\/p>\n\n\n\n<p><strong>@pablojair<\/strong><\/p>\n\n\n\n<p>Se sabe que al ex fiscal Jorge Winckler ya lo hab\u00edan abandonado los Yunes M\u00e1rquez a partir de que se convirti\u00f3 en un lastre para sus proyectos pol\u00edticos\/familiares.<\/p>\n\n\n\n<p>Ni una muestra de apoyo concedieron desde que Winckler fue detenido e internado en el penal del Altiplano, lo que reconfirm\u00f3 las versiones de que, luego de haber servido a la familia, lo dejaron completamente solo y a su suerte.<\/p>\n\n\n\n<p>Hoy en el diario Notiver llam\u00f3 la atenci\u00f3n un mensaje publicado en interiores, en la p\u00e1gina 7, que lleva todo el sello yunista. De hecho, es una frase que los analistas pol\u00edticos atribuyen directamente al patriarca: el ex gobernador Miguel \u00c1ngel Yunes Linares.<\/p>\n\n\n\n<p>\u201cAY\u2026NANITAAA! LA POLICIA Judicial anda buscando desde ayer con un fuerte operativo al ingeniero constructor de la torre maldita rompevientos de Xicotencalt Carlitos Ramos de la Medina-le pasamos aviso y le recordamos que el que avisa no es traidor\u201d.<\/p>\n\n\n\n<p>\u00bfY qui\u00e9n es Carlos Ramos de la Medina? Ni m\u00e1s ni menos que el constructor (otros dicen que en realidad es presunto prestanombres de Fernando Yunes M\u00e1rquez) de la pol\u00e9mica Torre Centro, la cual se ha convertido en una obra privada en disputa desde que el presidente Andr\u00e9s Manuel L\u00f3pez Obrador se\u00f1al\u00f3 al adefesio construido en pleno centro hist\u00f3rico del puerto de Veracruz.<\/p>\n\n\n\n<p>Esa misma frase (\u201cel que avisa no es traidor\u201d) habr\u00eda utilizado Yunes con Ricardo Anaya en las elecciones de 2018, cuando vio que el queretano de plano no \u201clevantaba\u201d en Veracruz y que adem\u00e1s necesitaba apuntalar (fallidamente) la campa\u00f1a de su hijo Miguel a la gubernatura. Algo as\u00ed como que \u201cno es que te traicione, pero te dejo solo porque tengo cosas m\u00e1s importantes qu\u00e9 atender\u201d.<\/p>\n\n\n\n<p>De hecho, quienes han seguido la carrera de Yunes Linares saben que es un personaje muy pragm\u00e1tico. Que para \u00e9l las alianzas pol\u00edticas deben ser pr\u00e1cticas y temporales, en b\u00fasqueda de un objetivo determinado.<\/p>\n\n\n\n<p>El pasado 21 de abril, el gobernador Cuitl\u00e1huac Garc\u00eda Jim\u00e9nez, en la conferencia \u201cma\u00f1anera\u201d del presidente L\u00f3pez Obrador realizada en el puerto de Veracruz, anunci\u00f3 que denunciar\u00eda a los jueces federales que dieron amparos para que la construcci\u00f3n de la Torre Centro se siguiera realizando. Uno de estos jueces es hermano del constructor.<\/p>\n\n\n\n<p>La denuncia fue interpuesta en la Fiscal\u00eda General de la Rep\u00fablica (FGR) el 16 de mayo.<\/p>\n\n\n\n<p>Hay versiones de que esto puso nerviosos a los Yunes, pues si bien la denuncia supuestamente es s\u00f3lo contra los jueces, la misma puede alcanzar a los hijos Miguel o Fernando, o al constructor o presunto prestanombres Ramos De La Medina.<\/p>\n\n\n\n<p>El mensaje de Notiver parece confirmar las sospechas de los Yunes, que por su conocido pragmatismo, ya estar\u00edan sintiendo pasos en la azotea y prefieren irse alejando de los personajes prescindibles como Ramos de la Medina, tal como hicieron con su ex fiscal.<\/p>\n\n\n\n<p>\u00bfSer\u00e1 que Carlos Ramos de la Medina se convertir\u00e1 en el nuevo Winckler? Ya se ver\u00e1\u2026 Todo sea por proteger a los ni\u00f1os.<\/p>\n","protected":false},"excerpt":{"rendered":"<p>ColumnaSinNombre\u2026 PeroRapidita @pablojair Se sabe que al ex fiscal Jorge Winckler ya lo hab\u00edan abandonado los Yunes M\u00e1rquez a partir de que se convirti\u00f3 en un lastre para sus proyectos pol\u00edticos\/familiares. Ni una muestra de apoyo concedieron desde que Winckler fue detenido e internado en el penal del Altiplano, lo que reconfirm\u00f3 las versiones de [&hellip;]<\/p>\n","protected":false},"author":2476,"featured_media":488,"comment_status":"open","ping_status":"open","sticky":false,"template":"","format":"standard","meta":{"_jetpack_memberships_contains_paid_content":false,"footnotes":""},"categories":[11],"tags":[],"class_list":["post-40857","post","type-post","status-publish","format-standard","has-post-thumbnail","hentry","category-opinion"],"jetpack_featured_media_url":"https:\/\/encuentroinformativo.com.mx\/wp-content\/uploads\/2020\/03\/F471F608-BA1A-416B-BA7B-BCFB24F4E6D0.jpeg","jetpack_sharing_enabled":true,"jetpack_likes_enabled":true,"amp_enabled":true,"_links":{"self":[{"href":"https:\/\/encuentroinformativo.com.mx\/index.php?rest_route=\/wp\/v2\/posts\/40857","targetHints":{"allow":["GET"]}}],"collection":[{"href":"https:\/\/encuentroinformativo.com.mx\/index.php?rest_route=\/wp\/v2\/posts"}],"about":[{"href":"https:\/\/encuentroinformativo.com.mx\/index.php?rest_route=\/wp\/v2\/types\/post"}],"author":[{"embeddable":true,"href":"https:\/\/encuentroinformativo.com.mx\/index.php?rest_route=\/wp\/v2\/users\/2476"}],"replies":[{"embeddable":true,"href":"https:\/\/encuentroinformativo.com.mx\/index.php?rest_route=%2Fwp%2Fv2%2Fcomments&post=40857"}],"version-history":[{"count":1,"href":"https:\/\/encuentroinformativo.com.mx\/index.php?rest_route=\/wp\/v2\/posts\/40857\/revisions"}],"predecessor-version":[{"id":40858,"href":"https:\/\/encuentroinformativo.com.mx\/index.php?rest_route=\/wp\/v2\/posts\/40857\/revisions\/40858"}],"wp:featuredmedia":[{"embeddable":true,"href":"https:\/\/encuentroinformativo.com.mx\/index.php?rest_route=\/wp\/v2\/media\/488"}],"wp:attachment":[{"href":"https:\/\/encuentroinformativo.com.mx\/index.php?rest_route=%2Fwp%2Fv2%2Fmedia&parent=40857"}],"wp:term":[{"taxonomy":"category","embeddable":true,"href":"https:\/\/encuentroinformativo.com.mx\/index.php?rest_route=%2Fwp%2Fv2%2Fcategories&post=40857"},{"taxonomy":"post_tag","embeddable":true,"href":"https:\/\/encuentroinformativo.com.mx\/index.php?rest_route=%2Fwp%2Fv2%2Ftags&post=40857"}],"curies":[{"name":"wp","href":"https:\/\/api.w.org\/{rel}","templated":true}]}}