{"id":40862,"date":"2023-05-19T13:40:27","date_gmt":"2023-05-19T19:40:27","guid":{"rendered":"https:\/\/encuentroinformativo.com.mx\/?p=40862"},"modified":"2023-05-19T13:40:32","modified_gmt":"2023-05-19T19:40:32","slug":"padres-denuncian-anomalias-en-primaria-de-ixtac","status":"publish","type":"post","link":"https:\/\/encuentroinformativo.com.mx\/?p=40862","title":{"rendered":"Padres denuncian anomal\u00edas en primaria de Ixtac"},"content":{"rendered":"\n<p><strong>Juan Arcos <\/strong><\/p>\n\n\n\n<p>Xalapa, Ver.- Madres y padres de familia de la escuela primaria \u201cBenito Ju\u00e1rez Garc\u00eda\u201d, ubicada en el municipio de Ixtaczoquitl\u00e1n, en la zona centro de Veracruz, denunciaron anomal\u00edas y presunta corrupci\u00f3n en la obra para la remodelaci\u00f3n del plantel.<\/p>\n\n\n\n<p>El plantel con clave 30EPR11080 est\u00e1 sobre la Calzada Ruiz Galindo sin n\u00famero, entre Oriente 4 y 6, en la zona centro de dicha demarcaci\u00f3n, donde los alumnos solo tienen dos horas de clases diarias derivado de toda la problem\u00e1tica.<\/p>\n\n\n\n<p>De manera an\u00f3nima por temor a represalias, indicaron que en un inicio se hab\u00edan destinado cerca de 9 millones de pesos para la construcci\u00f3n de cuatro aulas y sanitarios; sin embargo, no se ejercieron en tiempo y forma, y el monto baj\u00f3 a 8 millones de pesos.<\/p>\n\n\n\n<p>Las mam\u00e1s y pap\u00e1s est\u00e1n preocupados porque se habla de un presunto desv\u00edo de recursos en la obra que est\u00e1 detenida desde el 15 de diciembre de 2022.<\/p>\n\n\n\n<p>El a\u00f1o pasado pretend\u00edan aplicar el recurso econ\u00f3mico y para ello iban a demoler la escuela, pero no se llevaron a cabo los trabajos correspondientes.Se\u00f1alaron que, de forma extra\u00f1a e indebida, se determin\u00f3 aplicar los recursos p\u00fablicos en el campo municipal, cuando estaban etiquetados para la remodelaci\u00f3n del plantel.<\/p>\n\n\n\n<p>\u201cAqu\u00ed la situaci\u00f3n es que mueven el recursos de la escuela al campo municipal de forma indebida porque el recurso estaba asignado a la direcci\u00f3n de la escuela, a su ubicaci\u00f3n, desconocemos qui\u00e9n haya dado la autorizaci\u00f3n para que el recurso fuera aplicado en el campo municipal\u201d, enfatizaron.<\/p>\n\n\n\n<p>Debido a esta situaci\u00f3n, los padres de familia se manifestaron en el Palacio Municipal durante una visita del gobernador Cuitl\u00e1huac Garc\u00eda Jim\u00e9nez, donde le explicaron el problema y externaron su inconformidad por la reubicaci\u00f3n de la escuela sin consultarlos.<\/p>\n\n\n\n<p>A\u00f1adieron que el alcalde de Ixtaczoquitl\u00e1n, Augusto Nah\u00fam \u00c1lvarez Pellico, ya hab\u00eda externado que quer\u00eda apropiarse del terreno de la escuela para construir un teatro y que el plantel educativo podr\u00eda edificarse sobre el campo municipal.<\/p>\n\n\n\n<p>La gente se opone a esta situaci\u00f3n porque el predio donde pretender reubicar la escuela es inseguro y podr\u00eda manifestarse nuevamente en los pr\u00f3ximos d\u00edas.<\/p>\n\n\n\n<p>Desde septiembre del a\u00f1o pasado se llev\u00f3 a cabo una asamblea donde Madres y padres de familia votaron a favor de que la escuela no fuese reubicada y que la obra para su remodelado se realizara en el sitio donde actualmente se encuentra.<\/p>\n\n\n\n<p>La empresa Cemag Construcciones, Excavaciones y Maquinaria del Golfo S. A. de C. V. recibi\u00f3 un anticipo del 50 por ciento del costo total de la obra, que corresponde a casi 4 millones de pesos<\/p>\n\n\n\n<p>\u201cObservamos que el anticipo del 50 por ciento correspondiente a $3,981,590.28 ya fue recibido por la empresa seg\u00fan informaci\u00f3n contenida en la Gaceta Oficial del Estado de Veracruz n\u00famero 444 TOMO II de fecha 08 de noviembre 2022, por ello su gesti\u00f3n y apoyo es de trascendente en la ejecuci\u00f3n e inicio de la construcci\u00f3n del edificio escolar\u201d, se lee en un oficio que enviaron al director del Instituto de Espacios Educativos, Ricardo Garc\u00eda Jim\u00e9nez.<\/p>\n","protected":false},"excerpt":{"rendered":"<p>Juan Arcos Xalapa, Ver.- Madres y padres de familia de la escuela primaria \u201cBenito Ju\u00e1rez Garc\u00eda\u201d, ubicada en el municipio de Ixtaczoquitl\u00e1n, en la zona centro de Veracruz, denunciaron anomal\u00edas y presunta corrupci\u00f3n en la obra para la remodelaci\u00f3n del plantel. El plantel con clave 30EPR11080 est\u00e1 sobre la Calzada Ruiz Galindo sin n\u00famero, entre [&hellip;]<\/p>\n","protected":false},"author":2476,"featured_media":40863,"comment_status":"open","ping_status":"open","sticky":false,"template":"","format":"standard","meta":{"_jetpack_memberships_contains_paid_content":false,"footnotes":""},"categories":[2],"tags":[],"class_list":["post-40862","post","type-post","status-publish","format-standard","has-post-thumbnail","hentry","category-estado"],"jetpack_featured_media_url":"https:\/\/encuentroinformativo.com.mx\/wp-content\/uploads\/2023\/05\/IMG_3439.jpg","jetpack_sharing_enabled":true,"jetpack_likes_enabled":true,"amp_enabled":true,"_links":{"self":[{"href":"https:\/\/encuentroinformativo.com.mx\/index.php?rest_route=\/wp\/v2\/posts\/40862","targetHints":{"allow":["GET"]}}],"collection":[{"href":"https:\/\/encuentroinformativo.com.mx\/index.php?rest_route=\/wp\/v2\/posts"}],"about":[{"href":"https:\/\/encuentroinformativo.com.mx\/index.php?rest_route=\/wp\/v2\/types\/post"}],"author":[{"embeddable":true,"href":"https:\/\/encuentroinformativo.com.mx\/index.php?rest_route=\/wp\/v2\/users\/2476"}],"replies":[{"embeddable":true,"href":"https:\/\/encuentroinformativo.com.mx\/index.php?rest_route=%2Fwp%2Fv2%2Fcomments&post=40862"}],"version-history":[{"count":1,"href":"https:\/\/encuentroinformativo.com.mx\/index.php?rest_route=\/wp\/v2\/posts\/40862\/revisions"}],"predecessor-version":[{"id":40864,"href":"https:\/\/encuentroinformativo.com.mx\/index.php?rest_route=\/wp\/v2\/posts\/40862\/revisions\/40864"}],"wp:featuredmedia":[{"embeddable":true,"href":"https:\/\/encuentroinformativo.com.mx\/index.php?rest_route=\/wp\/v2\/media\/40863"}],"wp:attachment":[{"href":"https:\/\/encuentroinformativo.com.mx\/index.php?rest_route=%2Fwp%2Fv2%2Fmedia&parent=40862"}],"wp:term":[{"taxonomy":"category","embeddable":true,"href":"https:\/\/encuentroinformativo.com.mx\/index.php?rest_route=%2Fwp%2Fv2%2Fcategories&post=40862"},{"taxonomy":"post_tag","embeddable":true,"href":"https:\/\/encuentroinformativo.com.mx\/index.php?rest_route=%2Fwp%2Fv2%2Ftags&post=40862"}],"curies":[{"name":"wp","href":"https:\/\/api.w.org\/{rel}","templated":true}]}}