{"id":40870,"date":"2023-05-19T14:32:05","date_gmt":"2023-05-19T20:32:05","guid":{"rendered":"https:\/\/encuentroinformativo.com.mx\/?p=40870"},"modified":"2023-05-19T14:32:13","modified_gmt":"2023-05-19T20:32:13","slug":"recaban-firmas-para-frenar-hostigamiento-contra-pobladores-de-amatlan","status":"publish","type":"post","link":"https:\/\/encuentroinformativo.com.mx\/?p=40870","title":{"rendered":"Recaban firmas para frenar hostigamiento contra pobladores de Amatl\u00e1n"},"content":{"rendered":"\n<p><strong>Juan Arcos <\/strong><\/p>\n\n\n\n<p>Xalapa, Ver.- M\u00e1s de 600 firmas se han recabado en la plataforma digital Change.org para exigir que cese el hostigamiento y la criminalizaci\u00f3n contra los pobladores que se oponen a la \u201cimposici\u00f3n\u201d de un centro de transferencia de residuos s\u00f3lidos urbanos en Amatl\u00e1n de los Reyes, en la zona centro de Veracruz.<\/p>\n\n\n\n<p>Ambientalistas denunciaron las acciones de intimidaci\u00f3n y su negaci\u00f3n al di\u00e1logo por parte de las autoridades del Ayuntamiento de Amatl\u00e1n, promoviendo campa\u00f1as de desprestigio, intimidaci\u00f3n en contra del derecho a la protesta de sus habitantes, a trav\u00e9s de 12 denuncias notificadas el pasado 13 de mayo del 2023 a los habitantes.<\/p>\n\n\n\n<p>De acuerdo con Emilio Rodr\u00edguez Almaz\u00e1n, integrante de La Asamblea Veracruzana de Iniciativas y Defensa Ambiental (Lavida), se exige al ayuntamiento de Amatl\u00e1n que retire de inmediato la denuncia que ha formulado ante la Fiscal\u00eda contra los pobladores por la toma del Palacio Municipal y obstruir vialidades.<\/p>\n\n\n\n<p>\u201cSolicitamos al Gobierno del Estado de Veracruz que garantice los derechos humanos de los ciudadanos y coordine una mesa de di\u00e1logo que fue solicitada el 8 de mayo entre los municipios involucrados, la SEMARNAT, la SEDEMA, la Comisi\u00f3n Estatal de Derechos Humanos, y los integrantes del comit\u00e9 del pueblo organizado de Amatl\u00e1n: No al basurero\u201d.<\/p>\n\n\n\n<p>Diversas organizaciones defensoras del medio ambiente y el territorio se pronunciaron para exigir al ayuntamiento de Amatl\u00e1n que detenga y deje de promover la campa\u00f1a de hostigamiento en contra del movimiento.<\/p>\n\n\n\n<p>\u201cLos abajo firmantes reiteramos nuestra solidaridad al movimiento y a las personas acusadas injustamente en estas denuncias\u201d, se observa en la petici\u00f3n.<\/p>\n\n\n\n<p>Algunas de las organizaciones que lanzaron la perdici\u00f3n en Change.org son: Pueblo Organizado de Amatl\u00e1n de los Reyes; La Asamblea Veracruzana de Iniciativas y Defensa Ambiental (Lavida); Pobladores AC; Colectivo Feminista Cihuatlahtolli AC; Coordinadora de Los Pueblos en Defensa Del R\u00edo Atoyac; Pueblos Unidos de la Cuenca Antigua por R\u00edos Libres; Colectivo en Defensa del Territorio y la Vida en la Sierra de Chiconquiaco, por mencionar algunas.<\/p>\n\n\n\n<p>Tambi\u00e9n solicitan el apoyo de la poblaci\u00f3n para que firme la petici\u00f3n a trav\u00e9s de la liga https:\/\/www.change.org\/UnidosConAmatl\u00e1nContraelBasurero.<\/p>\n","protected":false},"excerpt":{"rendered":"<p>Juan Arcos Xalapa, Ver.- M\u00e1s de 600 firmas se han recabado en la plataforma digital Change.org para exigir que cese el hostigamiento y la criminalizaci\u00f3n contra los pobladores que se oponen a la \u201cimposici\u00f3n\u201d de un centro de transferencia de residuos s\u00f3lidos urbanos en Amatl\u00e1n de los Reyes, en la zona centro de Veracruz. Ambientalistas [&hellip;]<\/p>\n","protected":false},"author":2476,"featured_media":40871,"comment_status":"open","ping_status":"open","sticky":false,"template":"","format":"standard","meta":{"_jetpack_memberships_contains_paid_content":false,"footnotes":""},"categories":[2],"tags":[],"class_list":["post-40870","post","type-post","status-publish","format-standard","has-post-thumbnail","hentry","category-estado"],"jetpack_featured_media_url":"https:\/\/encuentroinformativo.com.mx\/wp-content\/uploads\/2023\/05\/0a73ab34-e42e-44c4-a2f1-b43972461b4d.jpg","jetpack_sharing_enabled":true,"jetpack_likes_enabled":true,"amp_enabled":true,"_links":{"self":[{"href":"https:\/\/encuentroinformativo.com.mx\/index.php?rest_route=\/wp\/v2\/posts\/40870","targetHints":{"allow":["GET"]}}],"collection":[{"href":"https:\/\/encuentroinformativo.com.mx\/index.php?rest_route=\/wp\/v2\/posts"}],"about":[{"href":"https:\/\/encuentroinformativo.com.mx\/index.php?rest_route=\/wp\/v2\/types\/post"}],"author":[{"embeddable":true,"href":"https:\/\/encuentroinformativo.com.mx\/index.php?rest_route=\/wp\/v2\/users\/2476"}],"replies":[{"embeddable":true,"href":"https:\/\/encuentroinformativo.com.mx\/index.php?rest_route=%2Fwp%2Fv2%2Fcomments&post=40870"}],"version-history":[{"count":1,"href":"https:\/\/encuentroinformativo.com.mx\/index.php?rest_route=\/wp\/v2\/posts\/40870\/revisions"}],"predecessor-version":[{"id":40872,"href":"https:\/\/encuentroinformativo.com.mx\/index.php?rest_route=\/wp\/v2\/posts\/40870\/revisions\/40872"}],"wp:featuredmedia":[{"embeddable":true,"href":"https:\/\/encuentroinformativo.com.mx\/index.php?rest_route=\/wp\/v2\/media\/40871"}],"wp:attachment":[{"href":"https:\/\/encuentroinformativo.com.mx\/index.php?rest_route=%2Fwp%2Fv2%2Fmedia&parent=40870"}],"wp:term":[{"taxonomy":"category","embeddable":true,"href":"https:\/\/encuentroinformativo.com.mx\/index.php?rest_route=%2Fwp%2Fv2%2Fcategories&post=40870"},{"taxonomy":"post_tag","embeddable":true,"href":"https:\/\/encuentroinformativo.com.mx\/index.php?rest_route=%2Fwp%2Fv2%2Ftags&post=40870"}],"curies":[{"name":"wp","href":"https:\/\/api.w.org\/{rel}","templated":true}]}}