{"id":40881,"date":"2023-05-19T17:20:30","date_gmt":"2023-05-19T23:20:30","guid":{"rendered":"https:\/\/encuentroinformativo.com.mx\/?p=40881"},"modified":"2023-05-19T17:20:39","modified_gmt":"2023-05-19T23:20:39","slug":"nombran-nuevo-coordinador-de-la-guardia-nacional-en-veracruz","status":"publish","type":"post","link":"https:\/\/encuentroinformativo.com.mx\/?p=40881","title":{"rendered":"Nombran nuevo coordinador de la Guardia Nacional en Veracruz"},"content":{"rendered":"\n<p><strong>Dar\u00edo Pale<\/strong><\/p>\n\n\n\n<p>Xalapa, Ver.- Rindi\u00f3 protesta el nuevo coordinador de la Guardia Nacional en Veracruz, Rogelio Garc\u00eda P\u00e9rez; la toma de protesta estuvo a cargo del comisario general de la Guardia Nacional, Arturo S\u00e1nchez Garc\u00eda.<\/p>\n\n\n\n<p>En presencia de los titulares de los poderes Ejecutivo y Legislativo del Estado, se dio lectura del curr\u00edculum de Garc\u00eda P\u00e9rez  entre lo que destaca su labor como comandante de secci\u00f3n y oficial de Operaciones en el 39 Batall\u00f3n de Infanter\u00eda, jefe de la secci\u00f3n t\u00e9cnica en la Guarnici\u00f3n Militar en San Felipe, Baja California.<\/p>\n\n\n\n<p>Asimismo, jefe de la Secci\u00f3n Segunda en el Cuartel General de la 9a. Zona Militar en Culiac\u00e1n, Sinaloa, jefe de la subsecci\u00f3n de Intersecci\u00f3n Anfibia en la secci\u00f3n s\u00e9ptima del Estado Mayor de la Defensa Nacional, jefe de la secci\u00f3n t\u00e9cnica en el Cavier en Temamatla, Estado de M\u00e9xico.<\/p>\n\n\n\n<p>Tambi\u00e9n como director del Centro de Adiestramiento regional de la primera regi\u00f3n militar San Miguel Jag\u00fceyes M\u00e9xico, comandante del mando especial de La Laguna.<\/p>\n\n\n\n<p>Tiene varias condecoraciones y condecoraciones especiales, as\u00ed como como comandante especial y tres menciones honor\u00edficas en la campa\u00f1a contra el narcotrafico, entre otros.<\/p>\n\n\n\n<p>Tiene cursos en el extranjero para el uso de armas en el combate en el fuerte Benin, Estados Unidos, curso de Adiestramiento y Fuerzas Espaciales en Poctum, Pet\u00e9n en Guatemala.<\/p>\n\n\n\n<p>Al evento realizado en la 26 Zona Militar, en donde protest\u00f3 el nuevo coordinador de la Guardia Nacional estuvieron presentes el gobernador Cuitl\u00e1huac Garc\u00eda Jim\u00e9nez, el secretario de Gobierno, Eric Cisneros Burgos, la fiscal general del Estado, Ver\u00f3nica Hern\u00e1ndez Giad\u00e1ns.<\/p>\n\n\n\n<p>Asimismo, la presidenta de la Mesa Directiva del Congreso local, Margarita Corro, los secretarios de Seguridad P\u00fablica y Protecci\u00f3n Civil, Cuauht\u00e9moc Z\u00fa\u00f1iga y Guadalupe Osorno, respectivamente. No acudi\u00f3 la presidenta del Tribunal Superior de Justicia, Lisbeth Aurelia Jim\u00e9nez Aguirre.<\/p>\n","protected":false},"excerpt":{"rendered":"<p>Dar\u00edo Pale Xalapa, Ver.- Rindi\u00f3 protesta el nuevo coordinador de la Guardia Nacional en Veracruz, Rogelio Garc\u00eda P\u00e9rez; la toma de protesta estuvo a cargo del comisario general de la Guardia Nacional, Arturo S\u00e1nchez Garc\u00eda. En presencia de los titulares de los poderes Ejecutivo y Legislativo del Estado, se dio lectura del curr\u00edculum de Garc\u00eda [&hellip;]<\/p>\n","protected":false},"author":2476,"featured_media":40882,"comment_status":"open","ping_status":"open","sticky":false,"template":"","format":"standard","meta":{"_jetpack_memberships_contains_paid_content":false,"footnotes":""},"categories":[2],"tags":[],"class_list":["post-40881","post","type-post","status-publish","format-standard","has-post-thumbnail","hentry","category-estado"],"jetpack_featured_media_url":"https:\/\/encuentroinformativo.com.mx\/wp-content\/uploads\/2023\/05\/IMG-20230519-WA00332.jpg","jetpack_sharing_enabled":true,"jetpack_likes_enabled":true,"amp_enabled":true,"_links":{"self":[{"href":"https:\/\/encuentroinformativo.com.mx\/index.php?rest_route=\/wp\/v2\/posts\/40881","targetHints":{"allow":["GET"]}}],"collection":[{"href":"https:\/\/encuentroinformativo.com.mx\/index.php?rest_route=\/wp\/v2\/posts"}],"about":[{"href":"https:\/\/encuentroinformativo.com.mx\/index.php?rest_route=\/wp\/v2\/types\/post"}],"author":[{"embeddable":true,"href":"https:\/\/encuentroinformativo.com.mx\/index.php?rest_route=\/wp\/v2\/users\/2476"}],"replies":[{"embeddable":true,"href":"https:\/\/encuentroinformativo.com.mx\/index.php?rest_route=%2Fwp%2Fv2%2Fcomments&post=40881"}],"version-history":[{"count":1,"href":"https:\/\/encuentroinformativo.com.mx\/index.php?rest_route=\/wp\/v2\/posts\/40881\/revisions"}],"predecessor-version":[{"id":40883,"href":"https:\/\/encuentroinformativo.com.mx\/index.php?rest_route=\/wp\/v2\/posts\/40881\/revisions\/40883"}],"wp:featuredmedia":[{"embeddable":true,"href":"https:\/\/encuentroinformativo.com.mx\/index.php?rest_route=\/wp\/v2\/media\/40882"}],"wp:attachment":[{"href":"https:\/\/encuentroinformativo.com.mx\/index.php?rest_route=%2Fwp%2Fv2%2Fmedia&parent=40881"}],"wp:term":[{"taxonomy":"category","embeddable":true,"href":"https:\/\/encuentroinformativo.com.mx\/index.php?rest_route=%2Fwp%2Fv2%2Fcategories&post=40881"},{"taxonomy":"post_tag","embeddable":true,"href":"https:\/\/encuentroinformativo.com.mx\/index.php?rest_route=%2Fwp%2Fv2%2Ftags&post=40881"}],"curies":[{"name":"wp","href":"https:\/\/api.w.org\/{rel}","templated":true}]}}