{"id":40888,"date":"2023-05-20T11:42:26","date_gmt":"2023-05-20T17:42:26","guid":{"rendered":"https:\/\/encuentroinformativo.com.mx\/?p=40888"},"modified":"2023-05-20T11:42:39","modified_gmt":"2023-05-20T17:42:39","slug":"solicitan-senadores-del-pan-periodo-extraordinario-para-nombramientos-de-inai","status":"publish","type":"post","link":"https:\/\/encuentroinformativo.com.mx\/?p=40888","title":{"rendered":"Solicitan Senadores del PAN periodo extraordinario para nombramientos de INAI"},"content":{"rendered":"\n<p><strong>Alejandro \u00c1vila<\/strong><\/p>\n\n\n\n<p>Veracruz, Ver.- El coordinador del Grupo Parlamentario del PAN en el Senado, Julen Rementer\u00eda del Puerto, solicit\u00f3 a nombre de sus compa\u00f1eros, un periodo extraordinario para realizar los nombramientos del Instituto Nacional de Transparencia, Acceso a la Informaci\u00f3n y Protecci\u00f3n de Datos Personales (INAI).<\/p>\n\n\n\n<p>\u201cEs una verg\u00fcenza que nos tengan casi obligar con ultim\u00e1tums a realizar nuestro trabajo legislativo, s\u00f3lo porque el grupo mayoritario y aliados se opone a reiteradamente a nombrar a los comisionados del INAI, violando as\u00ed el derecho de las personas a acceder a informaci\u00f3n p\u00fablica\u201d, refiri\u00f3.<\/p>\n\n\n\n<p>Rementer\u00eda del Puerto destac\u00f3 que, un Juzgado de Distrito en Materia Administrativa, vincul\u00f3 ahora a la Comisi\u00f3n Permanente del Congreso de la Uni\u00f3n para impulsar el nombramiento de uno de los comisionados del INAI, y bajo esa petici\u00f3n se pueda llamar a la brevedad a un periodo extraordinario y hacer de manera inmediata los nombramientos.<\/p>\n\n\n\n<p>\u201cAnte ese nuevo llamado, ya no tendr\u00edamos que esperar hasta el siguiente periodo ordinario de sesiones de septiembre para nombrar a los comisionados que faltan, para que el INAI tenga qu\u00f3rum y se pueda sesionar para dar respuesta a los miles de peticiones que ya tiene acumuladas\u201d, agreg\u00f3 el legislador.<\/p>\n\n\n\n<p>En ese tenor, el l\u00edder de la bancada panista a\u00f1adi\u00f3 que es tanta es la desesperaci\u00f3n del Gobierno Federal de destruir al INAI, que han ordenado a los jefes de las Unidades de Transparencia en las Secretar\u00edas del Gobierno Federal de ya no entregar informaci\u00f3n a particulares que quieran hacer uso leg\u00edtimo de su acceso a la informaci\u00f3n.<\/p>\n\n\n\n<p>\u201cLo que est\u00e1n haciendo es un acto que a todas luces es ilegal, arbitrario, negligente y violatorio de derechos humano. Nos queda claro que al gobierno de la Cuarta Transformaci\u00f3n le estorba cualquier acto, acci\u00f3n o instituci\u00f3n que abone a la democracia y a la transparencia\u201d, finaliz\u00f3.<\/p>\n","protected":false},"excerpt":{"rendered":"<p>Alejandro \u00c1vila Veracruz, Ver.- El coordinador del Grupo Parlamentario del PAN en el Senado, Julen Rementer\u00eda del Puerto, solicit\u00f3 a nombre de sus compa\u00f1eros, un periodo extraordinario para realizar los nombramientos del Instituto Nacional de Transparencia, Acceso a la Informaci\u00f3n y Protecci\u00f3n de Datos Personales (INAI). \u201cEs una verg\u00fcenza que nos tengan casi obligar con [&hellip;]<\/p>\n","protected":false},"author":2476,"featured_media":40889,"comment_status":"open","ping_status":"open","sticky":false,"template":"","format":"standard","meta":{"_jetpack_memberships_contains_paid_content":false,"footnotes":""},"categories":[2],"tags":[],"class_list":["post-40888","post","type-post","status-publish","format-standard","has-post-thumbnail","hentry","category-estado"],"jetpack_featured_media_url":"https:\/\/encuentroinformativo.com.mx\/wp-content\/uploads\/2023\/05\/IMG-20230520-WA0006.jpg","jetpack_sharing_enabled":true,"jetpack_likes_enabled":true,"amp_enabled":true,"_links":{"self":[{"href":"https:\/\/encuentroinformativo.com.mx\/index.php?rest_route=\/wp\/v2\/posts\/40888","targetHints":{"allow":["GET"]}}],"collection":[{"href":"https:\/\/encuentroinformativo.com.mx\/index.php?rest_route=\/wp\/v2\/posts"}],"about":[{"href":"https:\/\/encuentroinformativo.com.mx\/index.php?rest_route=\/wp\/v2\/types\/post"}],"author":[{"embeddable":true,"href":"https:\/\/encuentroinformativo.com.mx\/index.php?rest_route=\/wp\/v2\/users\/2476"}],"replies":[{"embeddable":true,"href":"https:\/\/encuentroinformativo.com.mx\/index.php?rest_route=%2Fwp%2Fv2%2Fcomments&post=40888"}],"version-history":[{"count":1,"href":"https:\/\/encuentroinformativo.com.mx\/index.php?rest_route=\/wp\/v2\/posts\/40888\/revisions"}],"predecessor-version":[{"id":40890,"href":"https:\/\/encuentroinformativo.com.mx\/index.php?rest_route=\/wp\/v2\/posts\/40888\/revisions\/40890"}],"wp:featuredmedia":[{"embeddable":true,"href":"https:\/\/encuentroinformativo.com.mx\/index.php?rest_route=\/wp\/v2\/media\/40889"}],"wp:attachment":[{"href":"https:\/\/encuentroinformativo.com.mx\/index.php?rest_route=%2Fwp%2Fv2%2Fmedia&parent=40888"}],"wp:term":[{"taxonomy":"category","embeddable":true,"href":"https:\/\/encuentroinformativo.com.mx\/index.php?rest_route=%2Fwp%2Fv2%2Fcategories&post=40888"},{"taxonomy":"post_tag","embeddable":true,"href":"https:\/\/encuentroinformativo.com.mx\/index.php?rest_route=%2Fwp%2Fv2%2Ftags&post=40888"}],"curies":[{"name":"wp","href":"https:\/\/api.w.org\/{rel}","templated":true}]}}