{"id":40891,"date":"2023-05-20T11:47:59","date_gmt":"2023-05-20T17:47:59","guid":{"rendered":"https:\/\/encuentroinformativo.com.mx\/?p=40891"},"modified":"2023-05-20T11:48:04","modified_gmt":"2023-05-20T17:48:04","slug":"el-18-de-junio-elegiran-reyes-del-carnaval-canino-de-veracruz","status":"publish","type":"post","link":"https:\/\/encuentroinformativo.com.mx\/?p=40891","title":{"rendered":"El 18 de junio elegir\u00e1n Reyes del Carnaval canino de Veracruz"},"content":{"rendered":"\n<p><strong>Alejandro \u00c1vila<\/strong><\/p>\n\n\n\n<p>Veracruz, Ver.- El pr\u00f3ximo 18 de junio en el parque Zaragoza y en horario a\u00fan por definir por el comit\u00e9 organizador, Asociaci\u00f3n Civil La Roca, se elegir\u00e1 a los soberanos de la edici\u00f3n 2023 del carnaval canino de Veracruz.<\/p>\n\n\n\n<p>Se trata de ocho participantes, cuatro hembras y cuatro machos, quienes deben juntar el mayor n\u00famero de alimento en kilo para poder lograr la victoria.<\/p>\n\n\n\n<p>&#8220;\u00bfDe qu\u00e9 se trata?, de juntar croquetas para el albergue. Hay ocho participantes, hay cuatro para reina y cuatro para rey, el que junte m\u00e1s kilos es el que m\u00e1s votos va a tener y va a ganar este Carnaval&#8221;, Dijo uno de los voluntarios.<\/p>\n\n\n\n<p>El pasado 6 de mayo fueron presentados los participantes en Plaza Urban, se trata de: Bruno&nbsp; Matilda, Makarena, Chaco, Rufino, Danger, Franches y Cookie.<\/p>\n\n\n\n<p>&#8220;<strong>La idea es hacer conciencia a la gente de la importancia de adoptar un perro, y tambi\u00e9n de apoyar, en este caso a los albergues <\/strong>que no cuentan con un respaldo mi apoyo de nadie, para seguir manteniendo y realizando esta labor altruista, porque nosotros nada m\u00e1s ganamos la satisfacci\u00f3n de ayudar&#8221;.<\/p>\n","protected":false},"excerpt":{"rendered":"<p>Alejandro \u00c1vila Veracruz, Ver.- El pr\u00f3ximo 18 de junio en el parque Zaragoza y en horario a\u00fan por definir por el comit\u00e9 organizador, Asociaci\u00f3n Civil La Roca, se elegir\u00e1 a los soberanos de la edici\u00f3n 2023 del carnaval canino de Veracruz. Se trata de ocho participantes, cuatro hembras y cuatro machos, quienes deben juntar el [&hellip;]<\/p>\n","protected":false},"author":2476,"featured_media":40892,"comment_status":"open","ping_status":"open","sticky":false,"template":"","format":"standard","meta":{"_jetpack_memberships_contains_paid_content":false,"footnotes":""},"categories":[2],"tags":[],"class_list":["post-40891","post","type-post","status-publish","format-standard","has-post-thumbnail","hentry","category-estado"],"jetpack_featured_media_url":"https:\/\/encuentroinformativo.com.mx\/wp-content\/uploads\/2023\/05\/IMG-20230520-WA0010.jpg","jetpack_sharing_enabled":true,"jetpack_likes_enabled":true,"amp_enabled":true,"_links":{"self":[{"href":"https:\/\/encuentroinformativo.com.mx\/index.php?rest_route=\/wp\/v2\/posts\/40891","targetHints":{"allow":["GET"]}}],"collection":[{"href":"https:\/\/encuentroinformativo.com.mx\/index.php?rest_route=\/wp\/v2\/posts"}],"about":[{"href":"https:\/\/encuentroinformativo.com.mx\/index.php?rest_route=\/wp\/v2\/types\/post"}],"author":[{"embeddable":true,"href":"https:\/\/encuentroinformativo.com.mx\/index.php?rest_route=\/wp\/v2\/users\/2476"}],"replies":[{"embeddable":true,"href":"https:\/\/encuentroinformativo.com.mx\/index.php?rest_route=%2Fwp%2Fv2%2Fcomments&post=40891"}],"version-history":[{"count":1,"href":"https:\/\/encuentroinformativo.com.mx\/index.php?rest_route=\/wp\/v2\/posts\/40891\/revisions"}],"predecessor-version":[{"id":40893,"href":"https:\/\/encuentroinformativo.com.mx\/index.php?rest_route=\/wp\/v2\/posts\/40891\/revisions\/40893"}],"wp:featuredmedia":[{"embeddable":true,"href":"https:\/\/encuentroinformativo.com.mx\/index.php?rest_route=\/wp\/v2\/media\/40892"}],"wp:attachment":[{"href":"https:\/\/encuentroinformativo.com.mx\/index.php?rest_route=%2Fwp%2Fv2%2Fmedia&parent=40891"}],"wp:term":[{"taxonomy":"category","embeddable":true,"href":"https:\/\/encuentroinformativo.com.mx\/index.php?rest_route=%2Fwp%2Fv2%2Fcategories&post=40891"},{"taxonomy":"post_tag","embeddable":true,"href":"https:\/\/encuentroinformativo.com.mx\/index.php?rest_route=%2Fwp%2Fv2%2Ftags&post=40891"}],"curies":[{"name":"wp","href":"https:\/\/api.w.org\/{rel}","templated":true}]}}