{"id":40906,"date":"2023-05-20T17:40:19","date_gmt":"2023-05-20T23:40:19","guid":{"rendered":"https:\/\/encuentroinformativo.com.mx\/?p=40906"},"modified":"2023-05-20T17:40:27","modified_gmt":"2023-05-20T23:40:27","slug":"gobierno-de-boca-del-rio-e-iniciativa-privada-continuan-impulsando-la-reactivacion-economica-alcalde-jm-unanue","status":"publish","type":"post","link":"https:\/\/encuentroinformativo.com.mx\/?p=40906","title":{"rendered":"Gobierno de Boca del R\u00edo e iniciativa privada contin\u00faan impulsando la reactivaci\u00f3n econ\u00f3mica: Alcalde JM Un\u00e1nue"},"content":{"rendered":"\n<p><strong>*<em>El Alcalde asisti\u00f3 a la presentaci\u00f3n del S\u00e9ptimo Festival del Vino y el Mar que se llevar\u00e1 a cabo el 27 y 28 de mayo en el hotel Mocambo<\/em>.<\/strong><\/p>\n\n\n\n<p>Boca del R\u00edo, Ver.- mpulsando la reactivaci\u00f3n econ\u00f3mica, la oferta gastron\u00f3mica boque\u00f1a y los productos veracruzanos, el Alcalde de Boca del R\u00edo, Juan Manuel Un\u00e1nue Abascal, atestigu\u00f3 la presentaci\u00f3n del S\u00e9ptimo Festival del Vino y el Mar 2023 que se llevar\u00e1 a cabo el 27 y 28 de mayo en el hotel Mocambo.<\/p>\n\n\n\n<p>Con este tipo de actividades, Boca del R\u00edo se ha consolidado como el destino n\u00famero uno del sureste mexicano, por su cultura, gastronom\u00eda, moderna infraestructura y su belleza natural, apunt\u00f3 el Edil.<\/p>\n\n\n\n<p>\u201cEsto es una suma de esfuerzos entre ciudadan\u00eda y gobierno, siempre seremos facilitadores para llevar a cabo este tipo de eventos para que los empresarios tengan las facilidades en organizar estas actividades que generan derrama econ\u00f3mica y empleo\u201d, detall\u00f3 el Alcalde.<\/p>\n\n\n\n<p>Un\u00e1nue Abascal record\u00f3 que desde el d\u00eda uno de su administraci\u00f3n se han encargado de facilitar la llegada de eventos deportivos, musicales, culturales, entre otros, todos de primer nivel.<\/p>\n\n\n\n<p>En esta nueva edici\u00f3n del S\u00e9ptimo Festival del Vino y el Mar participar\u00e1n 14 vin\u00edcolas de toda la Rep\u00fablica Mexicana.<\/p>\n\n\n\n<p>As\u00ed lo confirm\u00f3 Marcel Van Eyck, Presidente de la Canirac Veracruz, quien explic\u00f3 que se trata de un evento familiar en el que los asistentes podr\u00e1n conversar con el vinicultor, degustar de la gastronom\u00eda del mar, as\u00ed como la cata de los mejores vinos blancos, rosados y tintos j\u00f3venes y otros tintos.<\/p>\n\n\n\n<p>En conferencia de prensa tambi\u00e9n se anunci\u00f3 la presencia de dos cerveceras veracruzanas ganadoras de premios nacionales e internacionales, las mejores marcas de restaurantes que ser\u00e1n los encargados del maridaje de la mano con el talento y experiencia de chef veracruzanos.<\/p>\n\n\n\n<p>Juan Manuel Un\u00e1nue Abascal, Presidente Municipal de Boca del R\u00edo, dej\u00f3 abierta la invitaci\u00f3n a visitantes y locales para que disfruten del Festival del Vino y el Mar 2023, el m\u00e1s importante del Estado de Veracruz, con la oportunidad de conocer o reconocer la gastronom\u00eda veracruzana y boque\u00f1a, as\u00ed como los restaurantes y hoteles de la ciudad.<\/p>\n\n\n\n<p>Finalmente, enfatiz\u00f3 que Boca del R\u00edo es la cuna de los mejores eventos tur\u00edsticos y recreativos en la entidad, dando la bienvenida en los pr\u00f3ximos d\u00edas y meses, por ejemplo, la edici\u00f3n 55 de la Expo Ganadera Ylang Ylang 2023, el Carnaval de Veracruz y la fiesta m\u00e1s importante de la ciudad, Santa Ana 2023.<\/p>\n\n\n\n<p>Presentes estuvieron Ana Luz Gonz\u00e1lez de Van Eyck, coordinadora de log\u00edstica, publicidad y mercadotecnia del Festival del Vino y el Mar y el anfitri\u00f3n, Pedro Romero Bueno, director general del Hotel Mocambo.<\/p>\n\n\n\n<figure class=\"wp-block-image size-large\"><img loading=\"lazy\" decoding=\"async\" width=\"1024\" height=\"682\" src=\"https:\/\/encuentroinformativo.com.mx\/wp-content\/uploads\/2023\/05\/IMG-20230520-WA0026.jpg\" alt=\"\" class=\"wp-image-40908\" srcset=\"https:\/\/encuentroinformativo.com.mx\/wp-content\/uploads\/2023\/05\/IMG-20230520-WA0026.jpg 1024w, https:\/\/encuentroinformativo.com.mx\/wp-content\/uploads\/2023\/05\/IMG-20230520-WA0026-300x200.jpg 300w, https:\/\/encuentroinformativo.com.mx\/wp-content\/uploads\/2023\/05\/IMG-20230520-WA0026-768x512.jpg 768w\" sizes=\"auto, (max-width: 1024px) 100vw, 1024px\" \/><\/figure>\n","protected":false},"excerpt":{"rendered":"<p>*El Alcalde asisti\u00f3 a la presentaci\u00f3n del S\u00e9ptimo Festival del Vino y el Mar que se llevar\u00e1 a cabo el 27 y 28 de mayo en el hotel Mocambo. Boca del R\u00edo, Ver.- mpulsando la reactivaci\u00f3n econ\u00f3mica, la oferta gastron\u00f3mica boque\u00f1a y los productos veracruzanos, el Alcalde de Boca del R\u00edo, Juan Manuel Un\u00e1nue Abascal, [&hellip;]<\/p>\n","protected":false},"author":2476,"featured_media":40907,"comment_status":"open","ping_status":"open","sticky":false,"template":"","format":"standard","meta":{"_jetpack_memberships_contains_paid_content":false,"footnotes":""},"categories":[2],"tags":[],"class_list":["post-40906","post","type-post","status-publish","format-standard","has-post-thumbnail","hentry","category-estado"],"jetpack_featured_media_url":"https:\/\/encuentroinformativo.com.mx\/wp-content\/uploads\/2023\/05\/IMG-20230520-WA00252.jpg","jetpack_sharing_enabled":true,"jetpack_likes_enabled":true,"amp_enabled":true,"_links":{"self":[{"href":"https:\/\/encuentroinformativo.com.mx\/index.php?rest_route=\/wp\/v2\/posts\/40906","targetHints":{"allow":["GET"]}}],"collection":[{"href":"https:\/\/encuentroinformativo.com.mx\/index.php?rest_route=\/wp\/v2\/posts"}],"about":[{"href":"https:\/\/encuentroinformativo.com.mx\/index.php?rest_route=\/wp\/v2\/types\/post"}],"author":[{"embeddable":true,"href":"https:\/\/encuentroinformativo.com.mx\/index.php?rest_route=\/wp\/v2\/users\/2476"}],"replies":[{"embeddable":true,"href":"https:\/\/encuentroinformativo.com.mx\/index.php?rest_route=%2Fwp%2Fv2%2Fcomments&post=40906"}],"version-history":[{"count":1,"href":"https:\/\/encuentroinformativo.com.mx\/index.php?rest_route=\/wp\/v2\/posts\/40906\/revisions"}],"predecessor-version":[{"id":40909,"href":"https:\/\/encuentroinformativo.com.mx\/index.php?rest_route=\/wp\/v2\/posts\/40906\/revisions\/40909"}],"wp:featuredmedia":[{"embeddable":true,"href":"https:\/\/encuentroinformativo.com.mx\/index.php?rest_route=\/wp\/v2\/media\/40907"}],"wp:attachment":[{"href":"https:\/\/encuentroinformativo.com.mx\/index.php?rest_route=%2Fwp%2Fv2%2Fmedia&parent=40906"}],"wp:term":[{"taxonomy":"category","embeddable":true,"href":"https:\/\/encuentroinformativo.com.mx\/index.php?rest_route=%2Fwp%2Fv2%2Fcategories&post=40906"},{"taxonomy":"post_tag","embeddable":true,"href":"https:\/\/encuentroinformativo.com.mx\/index.php?rest_route=%2Fwp%2Fv2%2Ftags&post=40906"}],"curies":[{"name":"wp","href":"https:\/\/api.w.org\/{rel}","templated":true}]}}