{"id":40922,"date":"2023-05-21T13:47:24","date_gmt":"2023-05-21T19:47:24","guid":{"rendered":"https:\/\/encuentroinformativo.com.mx\/?p=40922"},"modified":"2023-05-21T13:47:28","modified_gmt":"2023-05-21T19:47:28","slug":"alertan-por-posible-caida-de-ceniza-en-municipios-de-veracruz","status":"publish","type":"post","link":"https:\/\/encuentroinformativo.com.mx\/?p=40922","title":{"rendered":"Alertan por posible ca\u00edda de ceniza en municipios de Veracruz"},"content":{"rendered":"\n<p><strong>Juan Arcos <\/strong><\/p>\n\n\n\n<p>Xalapa, Ver.- Autoridades de Veracruz alertaron a la poblaci\u00f3n por la posible ca\u00edda de ceniza en municipios de la entidad debido a la actividad del volc\u00e1n Popocat\u00e9petl. Se habla de que el viento podr\u00eda extender la columna.<\/p>\n\n\n\n<p>La Secretar\u00eda de Protecci\u00f3n Civil (PC) revel\u00f3 que el an\u00e1lisis satelital indica que la pluma de ceniza de la erupci\u00f3n del volc\u00e1n Popocat\u00e9petl se mueve al este a 37 kil\u00f3metros por hora.<\/p>\n\n\n\n<p>Lo anterior, a una altitud de 9 mil 700 metros sobre el nivel del mar, con direcci\u00f3n al estado de Veracruz, por lo que podr\u00eda registrarse alg\u00fan dep\u00f3sito de ceniza, en cantidad ligera, en especial en zonas de monta\u00f1a del centro de la entidad, durante este domingo 21 de mayo.<\/p>\n\n\n\n<p>La ca\u00edda de ceniza se prev\u00e9 en Altotonga,\u00a0Las Vigas, Villa Aldama, Rafael Lucio, Acajete, Perote, Ayahualulco, Cosautl\u00e1n de Carvajal, Orizaba, C\u00f3rdoba, Coatepec, Xico, Xalapa, Totutla, Jalcomulco, Banderilla, Jilotepec, Naolinco, Landero y Coss, por mencionar algunos municipios.<\/p>\n\n\n\n<p>PC estatal, a cargo de Guadalupe Osorno Maldonado, recomend\u00f3 a la poblaci\u00f3n tapar tinacos y otros dep\u00f3sitos para que no se contaminen.<\/p>\n\n\n\n<p>\u201cSi tienes mascotas, vigila que el agua y los alimentos que consumen no se contaminen. Sacude la ceniza con plumeros para que no se rayen las superficies\u201d, se lee entre las recomendaciones.<\/p>\n\n\n\n<p>El Centro Nacional de Prevenci\u00f3n de Desastres (Cenapred), del gobierno federal, detalla que la ceniza volc\u00e1nica est\u00e1 formada por part\u00edculas producidas por la fragmentaci\u00f3n de las rocas durante las erupciones y tienen un tama\u00f1o menor a dos mil\u00edmetros.<\/p>\n\n\n\n<p>La ceniza var\u00eda en apariencia, dependiendo del tipo de\u00a0volc\u00e1n\u00a0y de la forma de\u00a0erupci\u00f3n. As\u00ed, su color va de un tono gris claro hasta el negro, y pueden variar en tama\u00f1o: desde ser como arenilla hasta ser tan finas como los polvos de talco.<\/p>\n\n\n\n<p>El Cenapred tambi\u00e9n sugiere a la poblaci\u00f3n evitar hacer actividades al aire libre; proteger ojos, nariz y boca, si hay necesidad de salir a la intemperie; cerrar puertas y ventanas; sellar con trapos h\u00famedos las rendijas y las ventilas, para limitar la entrada de ceniza a casas y edificios; y pedir a ni\u00f1as, ni\u00f1os, as\u00ed como a personas adultas mayores y con enfermedades respiratorias, que eviten el contacto con la ceniza.<\/p>\n","protected":false},"excerpt":{"rendered":"<p>Juan Arcos Xalapa, Ver.- Autoridades de Veracruz alertaron a la poblaci\u00f3n por la posible ca\u00edda de ceniza en municipios de la entidad debido a la actividad del volc\u00e1n Popocat\u00e9petl. Se habla de que el viento podr\u00eda extender la columna. La Secretar\u00eda de Protecci\u00f3n Civil (PC) revel\u00f3 que el an\u00e1lisis satelital indica que la pluma de [&hellip;]<\/p>\n","protected":false},"author":2476,"featured_media":40923,"comment_status":"open","ping_status":"open","sticky":false,"template":"","format":"standard","meta":{"_jetpack_memberships_contains_paid_content":false,"footnotes":""},"categories":[2],"tags":[],"class_list":["post-40922","post","type-post","status-publish","format-standard","has-post-thumbnail","hentry","category-estado"],"jetpack_featured_media_url":"https:\/\/encuentroinformativo.com.mx\/wp-content\/uploads\/2023\/05\/3cf70a51-4983-4465-829f-1580a8f250b2.jpg","jetpack_sharing_enabled":true,"jetpack_likes_enabled":true,"amp_enabled":true,"_links":{"self":[{"href":"https:\/\/encuentroinformativo.com.mx\/index.php?rest_route=\/wp\/v2\/posts\/40922","targetHints":{"allow":["GET"]}}],"collection":[{"href":"https:\/\/encuentroinformativo.com.mx\/index.php?rest_route=\/wp\/v2\/posts"}],"about":[{"href":"https:\/\/encuentroinformativo.com.mx\/index.php?rest_route=\/wp\/v2\/types\/post"}],"author":[{"embeddable":true,"href":"https:\/\/encuentroinformativo.com.mx\/index.php?rest_route=\/wp\/v2\/users\/2476"}],"replies":[{"embeddable":true,"href":"https:\/\/encuentroinformativo.com.mx\/index.php?rest_route=%2Fwp%2Fv2%2Fcomments&post=40922"}],"version-history":[{"count":1,"href":"https:\/\/encuentroinformativo.com.mx\/index.php?rest_route=\/wp\/v2\/posts\/40922\/revisions"}],"predecessor-version":[{"id":40924,"href":"https:\/\/encuentroinformativo.com.mx\/index.php?rest_route=\/wp\/v2\/posts\/40922\/revisions\/40924"}],"wp:featuredmedia":[{"embeddable":true,"href":"https:\/\/encuentroinformativo.com.mx\/index.php?rest_route=\/wp\/v2\/media\/40923"}],"wp:attachment":[{"href":"https:\/\/encuentroinformativo.com.mx\/index.php?rest_route=%2Fwp%2Fv2%2Fmedia&parent=40922"}],"wp:term":[{"taxonomy":"category","embeddable":true,"href":"https:\/\/encuentroinformativo.com.mx\/index.php?rest_route=%2Fwp%2Fv2%2Fcategories&post=40922"},{"taxonomy":"post_tag","embeddable":true,"href":"https:\/\/encuentroinformativo.com.mx\/index.php?rest_route=%2Fwp%2Fv2%2Ftags&post=40922"}],"curies":[{"name":"wp","href":"https:\/\/api.w.org\/{rel}","templated":true}]}}