{"id":40938,"date":"2023-05-21T16:43:16","date_gmt":"2023-05-21T22:43:16","guid":{"rendered":"https:\/\/encuentroinformativo.com.mx\/?p=40938"},"modified":"2023-05-21T18:33:27","modified_gmt":"2023-05-22T00:33:27","slug":"con-protesta-reclaman-acciones-de-mantenimiento-en-laguna-de-san-julian","status":"publish","type":"post","link":"https:\/\/encuentroinformativo.com.mx\/?p=40938","title":{"rendered":"Con protesta, reclaman acciones de mantenimiento en laguna de San Juli\u00e1n"},"content":{"rendered":"\n<p><strong>Redacci\u00f3n<\/strong><\/p>\n\n\n\n<p>Xalapa, Ver.- Mujeres, hombres y ni\u00f1os realizaron una protesta al pie de la laguna de San Juli\u00e1n, en el puerto de Veracruz para exigir a las autoridades de los tres niveles de gobierno -municipal, estatal y federal- que cumplan con las promesas de emprender acciones de mantenimiento y conservaci\u00f3n de la laguna.<\/p>\n\n\n\n<p>La laguna San Juli\u00e1n es la m\u00e1s grande de los 32 cuerpos de agua que conforman el Sistema de Lagunas Interdunarias de la zona conurbada Veracruz-La Antigua, y es hogar de patos buzos, garzas y gaviotas. Y de su conservaci\u00f3n depende una poblaci\u00f3n de 2 mil ciudadanos asentados a su alrededor.<\/p>\n\n\n\n<p>Los pobladores est\u00e1n inconformes porque hace un a\u00f1o, el gobierno de Cuitl\u00e1huac Garc\u00eda Jim\u00e9nez se comprometi\u00f3 a emprender un proyecto de remediaci\u00f3n y mejoramiento ecol\u00f3gico. Pero despu\u00e9s de presentarse a chapear en el marco del D\u00eda Mundial del Medio Ambiente del 2022, nunca regres\u00f3 a la localidad.<\/p>\n\n\n\n<p>La laguna San Juli\u00e1n se encuentra presionada por la disminuci\u00f3n de las lluvias y el aumento de las temperaturas asociadas al cambio clim\u00e1tico, as\u00ed como por la expansi\u00f3n de los parques log\u00edsticos que dan servicio al puerto de Veracruz y el desarrollo de fraccionamiento, en zonas pr\u00f3ximas al cuerpo de agua.<\/p>\n\n\n\n<p>Entre los principales problemas que enfrenta la laguna destaca una contracci\u00f3n del espejo de agua, que pas\u00f3 de 114 hect\u00e1reas en 2014 a 62 hect\u00e1reas en 2022, seg\u00fan datos oficiales de la Secretar\u00eda de Medio Ambiente. Adem\u00e1s, se ha expandido el lirio acu\u00e1tico a casi un cuarenta por ciento de la superficie de la laguna, disminuyendo la circulaci\u00f3n de ox\u00edgeno y poniendo en riesgo a los diversos tipos de peces que viven en el cuerpo de agua,<\/p>\n\n\n\n<p>\u201cLa laguna est\u00e1 llena de monte, y adem\u00e1s est\u00e1 azolvada, tiene como un metro de lodo, y s\u00f3lo queda como 30 cent\u00edmetros de agua\u2026 esta laguna nunca se ha limpiado\u201d, se\u00f1ala Agust\u00edn Ruiz Mendez, comisariado ejidal de San Juli\u00e1n.<\/p>\n\n\n\n<p>El hombre de 75 a\u00f1os cont\u00f3 que despu\u00e9s de 30 a\u00f1os de trabajar en la acuicultura, en el 2022 sac\u00f3 sus jaulas, y dej\u00f3 de producir pescados para la venta. \u201c\u00bfC\u00f3mo se van a mantener los peces en 30 o 40 cent\u00edmetros de agua?, eso no sirve, el agua se calienta y no crecen los peces\u201d.<\/p>\n\n\n\n<p>Se\u00f1al\u00f3 que cuando \u00e9l comenz\u00f3 en la acuacultura, en los a\u00f1os noventas, hab\u00eda tres grupos de pescadores que criaban mojarra y tilapia en jaulas dentro de la laguna, y cada grupo contaba con cinco pescadores. Ahora, s\u00f3lo dos familias viven de la pesca a partir de jaulas.<\/p>\n\n\n\n<p>Ruiz Mendez lament\u00f3 que pese a las gestiones que hicieron ante el gobernador Cuitl\u00e1huac Garc\u00eda Jim\u00e9nez en 2022, y el presidente Andr\u00e9s Manuel L\u00f3pez Obrador, a la fecha no se han emprendido acciones para su remediaci\u00f3n.<\/p>\n\n\n\n<p>En abril del 2022, despu\u00e9s de que se difundieron reportajes en los que se document\u00f3 la falta de un plan de manejo ambiental, acciones como el dragado o su limpieza por parte de las autoridades, Garc\u00eda Jim\u00e9nez anunci\u00f3 un plan de remediaci\u00f3n emergente para la laguna de San Juli\u00e1n. En aquel tiempo, el secretario de Medio Ambiente, Juan Carlos Contreras Bautista anunci\u00f3 que en 15 d\u00edas realizar\u00e1n reuniones t\u00e9cnicas con personal de Conagua para la elaboraci\u00f3n del proyecto. Pero a la fecha ning\u00fan trabajo se ha realizado en el sitio.<\/p>\n\n\n\n<p>\u201cEl gobernador vino como tres veces, estuvo d\u00e1ndole vueltas a la laguna, pero hasta hoy no se ha hecho nada. S\u00f3lo vivieron unas m\u00e1quinas, rascaron para ver si hab\u00eda veneros, y s\u00ed s\u00ed hab\u00eda, pero no hicieron nada. Lo m\u00e1s grave es que si no llueve en lo que resta del mes, otra vez se va a secar la laguna\u201d.<\/p>\n\n\n\n<p>Alejandro Rodal Vela, habitante de San Juli\u00e1n, dijo que el \u00faltimo reporte que les dieron las autoridades es que no se han podido emprender los trabajos de remediaci\u00f3n porque Semarnat y Conagua no han dado los permisos.<\/p>\n\n\n\n<p>\u201cNosotros como comunidad lo que queremos es que las autoridades digan qui\u00e9n se va hacer cargo. La laguna cada d\u00eda pierde m\u00e1s agua, el lirio gana m\u00e1s terreno. Y la importancia de este lugar es muy relevante, aqu\u00ed llegan aves migratorias, tenemos especies end\u00e9micas de flora y fauna\u201d.<\/p>\n\n\n\n<p>Rodal Vela dijo que la laguna tiene una planta invasora, como es el lirio acu\u00e1tico, \u201cel tema aqu\u00ed es que esta especie reduce la oxigenaci\u00f3n del agua, crea m\u00e1s lodo, disminuye el espejo de agua, y est\u00e1 causando da\u00f1os ambientales\u201d.<\/p>\n\n\n\n<p>Mencion\u00f3 que una preocupaci\u00f3n que tienen los habitantes es que por su proximidad con la actividad portuaria, se ve afectada por cambios de suelo: \u201cnosotros queremos rescatarla, mantenerla, por medio del dragado\u201d.<\/p>\n\n\n\n<p>Este domingo los habitantes de San Juli\u00e1n se apostaron a un costado de la laguna, y protestaron contra la inacci\u00f3n de las autoridades.<\/p>\n\n\n\n<p>En sus pancartas se pod\u00edan leer algunas consignas: \u201cUrge el dragado, limpieza y desasolve de la laguna\u201d, \u201cSan Juli\u00e1n, nuestro pueblo en el olvido\u201d, \u201c\u00a1Auxilio!, me estoy secando otra vez, laguna San Juli\u00e1n\u201d, \u201cSi el proyecto est\u00e1 a cargo de la PMA por qu\u00e9 no dan la cara, s\u00f3lo dan largas con la fecha\u201d.<\/p>\n\n\n\n<figure class=\"wp-block-gallery columns-3 is-cropped wp-block-gallery-1 is-layout-flex wp-block-gallery-is-layout-flex\"><ul class=\"blocks-gallery-grid\"><li class=\"blocks-gallery-item\"><figure><img loading=\"lazy\" decoding=\"async\" width=\"1024\" height=\"684\" src=\"https:\/\/encuentroinformativo.com.mx\/wp-content\/uploads\/2023\/05\/IMG-20230521-WA0012-1024x684.jpg\" alt=\"\" data-id=\"40941\" data-full-url=\"https:\/\/encuentroinformativo.com.mx\/wp-content\/uploads\/2023\/05\/IMG-20230521-WA0012.jpg\" data-link=\"https:\/\/encuentroinformativo.com.mx\/?attachment_id=40941\" class=\"wp-image-40941\" srcset=\"https:\/\/encuentroinformativo.com.mx\/wp-content\/uploads\/2023\/05\/IMG-20230521-WA0012-1024x684.jpg 1024w, https:\/\/encuentroinformativo.com.mx\/wp-content\/uploads\/2023\/05\/IMG-20230521-WA0012-300x200.jpg 300w, https:\/\/encuentroinformativo.com.mx\/wp-content\/uploads\/2023\/05\/IMG-20230521-WA0012-768x513.jpg 768w, https:\/\/encuentroinformativo.com.mx\/wp-content\/uploads\/2023\/05\/IMG-20230521-WA0012-1536x1025.jpg 1536w, https:\/\/encuentroinformativo.com.mx\/wp-content\/uploads\/2023\/05\/IMG-20230521-WA0012.jpg 1600w\" sizes=\"auto, (max-width: 1024px) 100vw, 1024px\" \/><\/figure><\/li><li class=\"blocks-gallery-item\"><figure><img loading=\"lazy\" decoding=\"async\" width=\"1024\" height=\"684\" src=\"https:\/\/encuentroinformativo.com.mx\/wp-content\/uploads\/2023\/05\/IMG-20230521-WA0014-1024x684.jpg\" alt=\"\" data-id=\"40942\" data-full-url=\"https:\/\/encuentroinformativo.com.mx\/wp-content\/uploads\/2023\/05\/IMG-20230521-WA0014.jpg\" data-link=\"https:\/\/encuentroinformativo.com.mx\/?attachment_id=40942\" class=\"wp-image-40942\" srcset=\"https:\/\/encuentroinformativo.com.mx\/wp-content\/uploads\/2023\/05\/IMG-20230521-WA0014-1024x684.jpg 1024w, https:\/\/encuentroinformativo.com.mx\/wp-content\/uploads\/2023\/05\/IMG-20230521-WA0014-300x200.jpg 300w, https:\/\/encuentroinformativo.com.mx\/wp-content\/uploads\/2023\/05\/IMG-20230521-WA0014-768x513.jpg 768w, https:\/\/encuentroinformativo.com.mx\/wp-content\/uploads\/2023\/05\/IMG-20230521-WA0014-1536x1025.jpg 1536w, https:\/\/encuentroinformativo.com.mx\/wp-content\/uploads\/2023\/05\/IMG-20230521-WA0014.jpg 1600w\" sizes=\"auto, (max-width: 1024px) 100vw, 1024px\" \/><\/figure><\/li><li class=\"blocks-gallery-item\"><figure><img loading=\"lazy\" decoding=\"async\" width=\"1024\" height=\"684\" src=\"https:\/\/encuentroinformativo.com.mx\/wp-content\/uploads\/2023\/05\/IMG-20230521-WA0015-1024x684.jpg\" alt=\"\" data-id=\"40943\" data-full-url=\"https:\/\/encuentroinformativo.com.mx\/wp-content\/uploads\/2023\/05\/IMG-20230521-WA0015.jpg\" data-link=\"https:\/\/encuentroinformativo.com.mx\/?attachment_id=40943\" class=\"wp-image-40943\" srcset=\"https:\/\/encuentroinformativo.com.mx\/wp-content\/uploads\/2023\/05\/IMG-20230521-WA0015-1024x684.jpg 1024w, https:\/\/encuentroinformativo.com.mx\/wp-content\/uploads\/2023\/05\/IMG-20230521-WA0015-300x200.jpg 300w, https:\/\/encuentroinformativo.com.mx\/wp-content\/uploads\/2023\/05\/IMG-20230521-WA0015-768x513.jpg 768w, https:\/\/encuentroinformativo.com.mx\/wp-content\/uploads\/2023\/05\/IMG-20230521-WA0015-1536x1025.jpg 1536w, https:\/\/encuentroinformativo.com.mx\/wp-content\/uploads\/2023\/05\/IMG-20230521-WA0015.jpg 1600w\" sizes=\"auto, (max-width: 1024px) 100vw, 1024px\" \/><\/figure><\/li><\/ul><\/figure>\n","protected":false},"excerpt":{"rendered":"<p>Redacci\u00f3n Xalapa, Ver.- Mujeres, hombres y ni\u00f1os realizaron una protesta al pie de la laguna de San Juli\u00e1n, en el puerto de Veracruz para exigir a las autoridades de los tres niveles de gobierno -municipal, estatal y federal- que cumplan con las promesas de emprender acciones de mantenimiento y conservaci\u00f3n de la laguna. La laguna [&hellip;]<\/p>\n","protected":false},"author":2476,"featured_media":40940,"comment_status":"open","ping_status":"open","sticky":false,"template":"","format":"standard","meta":{"_jetpack_memberships_contains_paid_content":false,"footnotes":""},"categories":[2],"tags":[],"class_list":["post-40938","post","type-post","status-publish","format-standard","has-post-thumbnail","hentry","category-estado"],"jetpack_featured_media_url":"https:\/\/encuentroinformativo.com.mx\/wp-content\/uploads\/2023\/05\/IMG-20230521-WA0007.jpg","jetpack_sharing_enabled":true,"jetpack_likes_enabled":true,"amp_enabled":true,"_links":{"self":[{"href":"https:\/\/encuentroinformativo.com.mx\/index.php?rest_route=\/wp\/v2\/posts\/40938","targetHints":{"allow":["GET"]}}],"collection":[{"href":"https:\/\/encuentroinformativo.com.mx\/index.php?rest_route=\/wp\/v2\/posts"}],"about":[{"href":"https:\/\/encuentroinformativo.com.mx\/index.php?rest_route=\/wp\/v2\/types\/post"}],"author":[{"embeddable":true,"href":"https:\/\/encuentroinformativo.com.mx\/index.php?rest_route=\/wp\/v2\/users\/2476"}],"replies":[{"embeddable":true,"href":"https:\/\/encuentroinformativo.com.mx\/index.php?rest_route=%2Fwp%2Fv2%2Fcomments&post=40938"}],"version-history":[{"count":2,"href":"https:\/\/encuentroinformativo.com.mx\/index.php?rest_route=\/wp\/v2\/posts\/40938\/revisions"}],"predecessor-version":[{"id":40944,"href":"https:\/\/encuentroinformativo.com.mx\/index.php?rest_route=\/wp\/v2\/posts\/40938\/revisions\/40944"}],"wp:featuredmedia":[{"embeddable":true,"href":"https:\/\/encuentroinformativo.com.mx\/index.php?rest_route=\/wp\/v2\/media\/40940"}],"wp:attachment":[{"href":"https:\/\/encuentroinformativo.com.mx\/index.php?rest_route=%2Fwp%2Fv2%2Fmedia&parent=40938"}],"wp:term":[{"taxonomy":"category","embeddable":true,"href":"https:\/\/encuentroinformativo.com.mx\/index.php?rest_route=%2Fwp%2Fv2%2Fcategories&post=40938"},{"taxonomy":"post_tag","embeddable":true,"href":"https:\/\/encuentroinformativo.com.mx\/index.php?rest_route=%2Fwp%2Fv2%2Ftags&post=40938"}],"curies":[{"name":"wp","href":"https:\/\/api.w.org\/{rel}","templated":true}]}}