{"id":40954,"date":"2023-05-22T11:19:42","date_gmt":"2023-05-22T17:19:42","guid":{"rendered":"https:\/\/encuentroinformativo.com.mx\/?p=40954"},"modified":"2023-05-22T11:19:46","modified_gmt":"2023-05-22T17:19:46","slug":"tlalixcoyan-organizara-espectaculo-artistico-y-cultural-en-ylang-ylang","status":"publish","type":"post","link":"https:\/\/encuentroinformativo.com.mx\/?p=40954","title":{"rendered":"Tlalixcoyan organizar\u00e1 espect\u00e1culo art\u00edstico y cultural en Ylang Ylang"},"content":{"rendered":"\n<p><strong>Alejandro \u00c1vila<\/strong><\/p>\n\n\n\n<p>Boca del R\u00edo, Ver.- El pr\u00f3ximo miercoles 31 de mayo el municipio de Tlalixcoyan organizar\u00e1 una exposici\u00f3n art\u00edstica y cultural, dentro del recinto donde se desarrolla la Expo Feria Ganadera Ylang Ylang, dio a conocer la alcaldesa, Elvia Illescas Loyo.<\/p>\n\n\n\n<p>&#8220;El d\u00eda 31 nos corresponde a nosotros tener una actividad cultural dentro de aqu\u00ed de la Feria Ylang Ylang, en donde vamos a traer diversos espect\u00e1culos de nuestro municipio&#8221;, mencion\u00f3 la presidenta municipal.<\/p>\n\n\n\n<p>Dentro del nuevo formato del recinto ferial, el Comit\u00e9 Organizador decidi\u00f3 colocar un stand de promoci\u00f3n de diversos municipios.<\/p>\n\n\n\n<p>Por lo tanto, diversas comerciantes pertenecientes del proyecto de Mujeres Emprendedoras estar\u00e1n presentando productos t\u00edpicos del municipio de Tlalixcoyan durante los d\u00edas de desarrollo de la Expo Ganadera.<\/p>\n\n\n\n<p>&#8220;Tenemos un stand donde se est\u00e1n dando a conocer todos los lugares tur\u00edsticos que tenemos dentro de Tlalixcoyan, as\u00ed como ya saben muchos que Tlalixcoyan tambi\u00e9n se conoce por su gastronom\u00eda, entonces tambi\u00e9n en este stand podr\u00e1n conocer una parte de la gastronom\u00eda de Tlalixcoyan (\u2026) como otras veces lo he mencionado, tenemos las Expo Mujeres Emprendedoras, dentro del stand son ellas las que est\u00e1n participando, as\u00ed como el personal del Ayuntamiento&#8221;, puntualiz\u00f3.<\/p>\n","protected":false},"excerpt":{"rendered":"<p>Alejandro \u00c1vila Boca del R\u00edo, Ver.- El pr\u00f3ximo miercoles 31 de mayo el municipio de Tlalixcoyan organizar\u00e1 una exposici\u00f3n art\u00edstica y cultural, dentro del recinto donde se desarrolla la Expo Feria Ganadera Ylang Ylang, dio a conocer la alcaldesa, Elvia Illescas Loyo. &#8220;El d\u00eda 31 nos corresponde a nosotros tener una actividad cultural dentro de [&hellip;]<\/p>\n","protected":false},"author":2476,"featured_media":40955,"comment_status":"open","ping_status":"open","sticky":false,"template":"","format":"standard","meta":{"_jetpack_memberships_contains_paid_content":false,"footnotes":""},"categories":[2],"tags":[],"class_list":["post-40954","post","type-post","status-publish","format-standard","has-post-thumbnail","hentry","category-estado"],"jetpack_featured_media_url":"https:\/\/encuentroinformativo.com.mx\/wp-content\/uploads\/2023\/05\/IMG-20230522-WA0017.jpg","jetpack_sharing_enabled":true,"jetpack_likes_enabled":true,"amp_enabled":true,"_links":{"self":[{"href":"https:\/\/encuentroinformativo.com.mx\/index.php?rest_route=\/wp\/v2\/posts\/40954","targetHints":{"allow":["GET"]}}],"collection":[{"href":"https:\/\/encuentroinformativo.com.mx\/index.php?rest_route=\/wp\/v2\/posts"}],"about":[{"href":"https:\/\/encuentroinformativo.com.mx\/index.php?rest_route=\/wp\/v2\/types\/post"}],"author":[{"embeddable":true,"href":"https:\/\/encuentroinformativo.com.mx\/index.php?rest_route=\/wp\/v2\/users\/2476"}],"replies":[{"embeddable":true,"href":"https:\/\/encuentroinformativo.com.mx\/index.php?rest_route=%2Fwp%2Fv2%2Fcomments&post=40954"}],"version-history":[{"count":1,"href":"https:\/\/encuentroinformativo.com.mx\/index.php?rest_route=\/wp\/v2\/posts\/40954\/revisions"}],"predecessor-version":[{"id":40956,"href":"https:\/\/encuentroinformativo.com.mx\/index.php?rest_route=\/wp\/v2\/posts\/40954\/revisions\/40956"}],"wp:featuredmedia":[{"embeddable":true,"href":"https:\/\/encuentroinformativo.com.mx\/index.php?rest_route=\/wp\/v2\/media\/40955"}],"wp:attachment":[{"href":"https:\/\/encuentroinformativo.com.mx\/index.php?rest_route=%2Fwp%2Fv2%2Fmedia&parent=40954"}],"wp:term":[{"taxonomy":"category","embeddable":true,"href":"https:\/\/encuentroinformativo.com.mx\/index.php?rest_route=%2Fwp%2Fv2%2Fcategories&post=40954"},{"taxonomy":"post_tag","embeddable":true,"href":"https:\/\/encuentroinformativo.com.mx\/index.php?rest_route=%2Fwp%2Fv2%2Ftags&post=40954"}],"curies":[{"name":"wp","href":"https:\/\/api.w.org\/{rel}","templated":true}]}}