{"id":40957,"date":"2023-05-22T11:27:03","date_gmt":"2023-05-22T17:27:03","guid":{"rendered":"https:\/\/encuentroinformativo.com.mx\/?p=40957"},"modified":"2023-05-22T11:27:08","modified_gmt":"2023-05-22T17:27:08","slug":"sin-resultados-cumple-15-anos-asociacion-chucho-el-roto","status":"publish","type":"post","link":"https:\/\/encuentroinformativo.com.mx\/?p=40957","title":{"rendered":"Sin resultados; cumple 15 a\u00f1os asociaci\u00f3n &#8216;Chucho El Roto&#8217;"},"content":{"rendered":"\n<p><strong>Dar\u00edo Pale <\/strong><\/p>\n\n\n\n<p>Xalapa, Ver.- Integrantes del Movimiento de Resistencia Civil y de la asociaci\u00f3n Civil la Leyenda de Chucho El Roto cumple 15 a\u00f1os de lucha, llegan a la Comisi\u00f3n Federal de Electricidad (CFE), para insistir en la reclasificaci\u00f3n de las tarifas.<\/p>\n\n\n\n<p>Entrevistado durante la manifestaci\u00f3n, el vocero del movimiento, Jorge Morales Barradas, explic\u00f3 que entregar\u00edan un documento en las oficinas ubicadas en la calle Allende, adem\u00e1s de que entregar\u00edan un &#8220;agradecimiento&#8221; al Gobernador por estar atento en las mesas de negociaci\u00f3n con la CFE.<\/p>\n\n\n\n<p>Afirm\u00f3 que no bloquear\u00edan las calles y pidi\u00f3 a las dependencias de Gobierno como Seguridad P\u00fablica y Pol\u00edtica Regional los apoyaran para hacer r\u00e1pida la entrega del documento.<\/p>\n\n\n\n<p>&#8220;Son 15 a\u00f1os ya de lucha, eso es lo que estamos manifestando. Vamos a entregar un documento al gerente general de la divisi\u00f3n, al ingeniero Ferm\u00edn P\u00e9rez Vargas pidi\u00e9ndole que llevemos, en el camino, con las mesas de trabajo, los acuerdos y, pedirle que se siga dando el mantenimiento a las l\u00edneas de transmisi\u00f3n&#8221;, se\u00f1al\u00f3.<\/p>\n\n\n\n<p>Morales Barradas resalt\u00f3 que han estado ocurriendo muchos apagones en varias zonas, como la costera, la zona conurbada Veracruz -Boca del R\u00edo y por ello quieren que haya ese mantenimiento, adem\u00e1s de que le pedir\u00e1n que no se olvide de las rutas de evacuaci\u00f3n.<\/p>\n\n\n\n<p>Asegur\u00f3 que gracias a las mesas de negociaci\u00f3n han logrado algunos avances, por ello continuar\u00e1n en su lucha por la reclasificaci\u00f3n de las tarifas de energ\u00eda el\u00e9ctrica.<\/p>\n\n\n\n<p>Indic\u00f3 que se har\u00e1 una investigaci\u00f3n, incluso la secretaria de Energ\u00eda, Roc\u00edo Nahle Garc\u00eda dijo que esa Investigaci\u00f3n es para la reclasificaci\u00f3n tarifaria.<\/p>\n\n\n\n<p>Finalmente expuso que en algunas zonas, cuando se haga la reclasificaci\u00f3n esta deber\u00e1 ser la 1F por la temperatura medio ambiente, mientras que en otras zonas tendr\u00e1 que ser la tarifa 1D como en la zona costera donde habita el mayor n\u00famero de los integrantes del Movimiento.<\/p>\n","protected":false},"excerpt":{"rendered":"<p>Dar\u00edo Pale Xalapa, Ver.- Integrantes del Movimiento de Resistencia Civil y de la asociaci\u00f3n Civil la Leyenda de Chucho El Roto cumple 15 a\u00f1os de lucha, llegan a la Comisi\u00f3n Federal de Electricidad (CFE), para insistir en la reclasificaci\u00f3n de las tarifas. Entrevistado durante la manifestaci\u00f3n, el vocero del movimiento, Jorge Morales Barradas, explic\u00f3 que [&hellip;]<\/p>\n","protected":false},"author":2476,"featured_media":40958,"comment_status":"open","ping_status":"open","sticky":false,"template":"","format":"standard","meta":{"_jetpack_memberships_contains_paid_content":false,"footnotes":""},"categories":[2],"tags":[],"class_list":["post-40957","post","type-post","status-publish","format-standard","has-post-thumbnail","hentry","category-estado"],"jetpack_featured_media_url":"https:\/\/encuentroinformativo.com.mx\/wp-content\/uploads\/2023\/05\/IMG-20230522-WA00482.jpg","jetpack_sharing_enabled":true,"jetpack_likes_enabled":true,"amp_enabled":true,"_links":{"self":[{"href":"https:\/\/encuentroinformativo.com.mx\/index.php?rest_route=\/wp\/v2\/posts\/40957","targetHints":{"allow":["GET"]}}],"collection":[{"href":"https:\/\/encuentroinformativo.com.mx\/index.php?rest_route=\/wp\/v2\/posts"}],"about":[{"href":"https:\/\/encuentroinformativo.com.mx\/index.php?rest_route=\/wp\/v2\/types\/post"}],"author":[{"embeddable":true,"href":"https:\/\/encuentroinformativo.com.mx\/index.php?rest_route=\/wp\/v2\/users\/2476"}],"replies":[{"embeddable":true,"href":"https:\/\/encuentroinformativo.com.mx\/index.php?rest_route=%2Fwp%2Fv2%2Fcomments&post=40957"}],"version-history":[{"count":1,"href":"https:\/\/encuentroinformativo.com.mx\/index.php?rest_route=\/wp\/v2\/posts\/40957\/revisions"}],"predecessor-version":[{"id":40959,"href":"https:\/\/encuentroinformativo.com.mx\/index.php?rest_route=\/wp\/v2\/posts\/40957\/revisions\/40959"}],"wp:featuredmedia":[{"embeddable":true,"href":"https:\/\/encuentroinformativo.com.mx\/index.php?rest_route=\/wp\/v2\/media\/40958"}],"wp:attachment":[{"href":"https:\/\/encuentroinformativo.com.mx\/index.php?rest_route=%2Fwp%2Fv2%2Fmedia&parent=40957"}],"wp:term":[{"taxonomy":"category","embeddable":true,"href":"https:\/\/encuentroinformativo.com.mx\/index.php?rest_route=%2Fwp%2Fv2%2Fcategories&post=40957"},{"taxonomy":"post_tag","embeddable":true,"href":"https:\/\/encuentroinformativo.com.mx\/index.php?rest_route=%2Fwp%2Fv2%2Ftags&post=40957"}],"curies":[{"name":"wp","href":"https:\/\/api.w.org\/{rel}","templated":true}]}}