{"id":40960,"date":"2023-05-22T11:36:50","date_gmt":"2023-05-22T17:36:50","guid":{"rendered":"https:\/\/encuentroinformativo.com.mx\/?p=40960"},"modified":"2023-05-22T11:36:58","modified_gmt":"2023-05-22T17:36:58","slug":"padres-toman-escuela-en-tihuatlan-exigen-expulsion-de-dos-tutoras","status":"publish","type":"post","link":"https:\/\/encuentroinformativo.com.mx\/?p=40960","title":{"rendered":"Padres toman escuela en Tihuatl\u00e1n exigen expulsi\u00f3n de dos tutoras"},"content":{"rendered":"\n<p><strong>Alejandro \u00c1vila<\/strong><\/p>\n\n\n\n<p>Tihuatl\u00e1n, Ver.- La escuela &#8220;Jos\u00e9 Mar\u00eda Morelos y Pav\u00f3n&#8221; fue tomada por padres de familia la ma\u00f1ana de este lunes, ya que exigen la destituci\u00f3n de dos tutoras del plantel educativo a las cuales acusan de agresi\u00f3n a alumnos.<\/p>\n\n\n\n<p>La Asociaci\u00f3n de Padres de Familia (APF) encabezada por Anah\u00ed Hern\u00e1ndez, ha solicitado la destituci\u00f3n de Juana Griselda Bautista y Marisela Lazcano, tutoras de los grupos de segundo y quinto grado, a qui\u00e9nes se\u00f1alan de comportamiento agresivo en contra de los alumnos.<\/p>\n\n\n\n<p>Durante la manifestaci\u00f3n, los padres de familia mostraron un documento con 159 firmas recabadas donde se solicita a la Secretar\u00eda de Educaci\u00f3n de Veracruz el cese de estas trabajadoras.<\/p>\n\n\n\n<p>Se\u00f1alaron que una negociaci\u00f3n para quitar la manifestaci\u00f3n, solo la har\u00e1n con el delegado de la SEV, Onesimo P\u00e9rez Ramos, y con presencia del Supervisor Escolar de la Zona 066, Josue Mercado, ya que afirman d\u00eda a d\u00eda los problemas van en aumento.<\/p>\n\n\n\n<p>Anani Hern\u00e1ndez record\u00f3 que estas tutoras ya tienen antecedente de conflictivas, pues antes fueron trabajadoras en las escuelas &#8220;Benito Ju\u00e1rez&#8221; y &#8220;Leona Vicario&#8221;, planteles educativos donde ya no fueron aceptadas, precisamente por su forma intolerante de comportarse.<\/p>\n\n\n\n<figure class=\"wp-block-image size-large\"><img loading=\"lazy\" decoding=\"async\" width=\"1024\" height=\"1024\" src=\"https:\/\/encuentroinformativo.com.mx\/wp-content\/uploads\/2023\/05\/IMG-20230522-WA0039-1024x1024.jpg\" alt=\"\" class=\"wp-image-40962\" srcset=\"https:\/\/encuentroinformativo.com.mx\/wp-content\/uploads\/2023\/05\/IMG-20230522-WA0039-1024x1024.jpg 1024w, https:\/\/encuentroinformativo.com.mx\/wp-content\/uploads\/2023\/05\/IMG-20230522-WA0039-300x300.jpg 300w, https:\/\/encuentroinformativo.com.mx\/wp-content\/uploads\/2023\/05\/IMG-20230522-WA0039-150x150.jpg 150w, https:\/\/encuentroinformativo.com.mx\/wp-content\/uploads\/2023\/05\/IMG-20230522-WA0039-768x768.jpg 768w, https:\/\/encuentroinformativo.com.mx\/wp-content\/uploads\/2023\/05\/IMG-20230522-WA0039.jpg 1496w\" sizes=\"auto, (max-width: 1024px) 100vw, 1024px\" \/><\/figure>\n","protected":false},"excerpt":{"rendered":"<p>Alejandro \u00c1vila Tihuatl\u00e1n, Ver.- La escuela &#8220;Jos\u00e9 Mar\u00eda Morelos y Pav\u00f3n&#8221; fue tomada por padres de familia la ma\u00f1ana de este lunes, ya que exigen la destituci\u00f3n de dos tutoras del plantel educativo a las cuales acusan de agresi\u00f3n a alumnos. La Asociaci\u00f3n de Padres de Familia (APF) encabezada por Anah\u00ed Hern\u00e1ndez, ha solicitado la [&hellip;]<\/p>\n","protected":false},"author":2476,"featured_media":40961,"comment_status":"open","ping_status":"open","sticky":false,"template":"","format":"standard","meta":{"_jetpack_memberships_contains_paid_content":false,"footnotes":""},"categories":[2],"tags":[],"class_list":["post-40960","post","type-post","status-publish","format-standard","has-post-thumbnail","hentry","category-estado"],"jetpack_featured_media_url":"https:\/\/encuentroinformativo.com.mx\/wp-content\/uploads\/2023\/05\/IMG-20230522-WA0038.jpg","jetpack_sharing_enabled":true,"jetpack_likes_enabled":true,"amp_enabled":true,"_links":{"self":[{"href":"https:\/\/encuentroinformativo.com.mx\/index.php?rest_route=\/wp\/v2\/posts\/40960","targetHints":{"allow":["GET"]}}],"collection":[{"href":"https:\/\/encuentroinformativo.com.mx\/index.php?rest_route=\/wp\/v2\/posts"}],"about":[{"href":"https:\/\/encuentroinformativo.com.mx\/index.php?rest_route=\/wp\/v2\/types\/post"}],"author":[{"embeddable":true,"href":"https:\/\/encuentroinformativo.com.mx\/index.php?rest_route=\/wp\/v2\/users\/2476"}],"replies":[{"embeddable":true,"href":"https:\/\/encuentroinformativo.com.mx\/index.php?rest_route=%2Fwp%2Fv2%2Fcomments&post=40960"}],"version-history":[{"count":1,"href":"https:\/\/encuentroinformativo.com.mx\/index.php?rest_route=\/wp\/v2\/posts\/40960\/revisions"}],"predecessor-version":[{"id":40963,"href":"https:\/\/encuentroinformativo.com.mx\/index.php?rest_route=\/wp\/v2\/posts\/40960\/revisions\/40963"}],"wp:featuredmedia":[{"embeddable":true,"href":"https:\/\/encuentroinformativo.com.mx\/index.php?rest_route=\/wp\/v2\/media\/40961"}],"wp:attachment":[{"href":"https:\/\/encuentroinformativo.com.mx\/index.php?rest_route=%2Fwp%2Fv2%2Fmedia&parent=40960"}],"wp:term":[{"taxonomy":"category","embeddable":true,"href":"https:\/\/encuentroinformativo.com.mx\/index.php?rest_route=%2Fwp%2Fv2%2Fcategories&post=40960"},{"taxonomy":"post_tag","embeddable":true,"href":"https:\/\/encuentroinformativo.com.mx\/index.php?rest_route=%2Fwp%2Fv2%2Ftags&post=40960"}],"curies":[{"name":"wp","href":"https:\/\/api.w.org\/{rel}","templated":true}]}}