{"id":40964,"date":"2023-05-22T11:42:21","date_gmt":"2023-05-22T17:42:21","guid":{"rendered":"https:\/\/encuentroinformativo.com.mx\/?p=40964"},"modified":"2023-05-22T11:42:25","modified_gmt":"2023-05-22T17:42:25","slug":"por-casos-de-discriminacion-toman-direccion-de-educacion-primaria","status":"publish","type":"post","link":"https:\/\/encuentroinformativo.com.mx\/?p=40964","title":{"rendered":"Por casos de discriminaci\u00f3n, toman direcci\u00f3n de Educaci\u00f3n Primaria"},"content":{"rendered":"\n<p><strong>Juan Arcos <\/strong><\/p>\n\n\n\n<p>Xalapa, Ver.- Integrantes del Sindicato Renovador Magisterial Veracruzano (Srmav) protestaron y tomaron la Direcci\u00f3n General de Educaci\u00f3n Primaria Estatal, en esta ciudad de Xalapa, para denunciar un caso de presunta discriminaci\u00f3n en la escuela primaria \u201cMiguel Hidalgo y Costilla\u201d, en la comunidad Alto T\u00edo Diego, municipio de Tepetl\u00e1n.<\/p>\n\n\n\n<p>Los docentes colocaron pancartas y lonas afuera del edificio de la dependencia estatal, ubicado sobre la avenida L\u00e1zaro C\u00e1rdenas, en la zona de La Araucaria, donde impidieron el acceso del personal para presionar a las autoridades y ser atendidos.<\/p>\n\n\n\n<p>De acuerdo con Jorge Garc\u00eda, secretario de Trabajos y Conflictos del sindicato mencionado, reci\u00e9n fue presentada una denuncia penal contra la directora de la primaria \u201cMiguel Hidalgo y Costilla\u201d, Andrea del Roc\u00edo Villegas P\u00e9rez, a quien se\u00f1alan de discriminar a una profesora de Educaci\u00f3n Especial desde noviembre pasado a la fecha.<\/p>\n\n\n\n<p>\u201cHa discriminado desde noviembre a la fecha a una de nuestras agremiadas. Ella (Directora) en varias ocasiones la ha excluido de las reuniones de trabajo, incluso, la lleg\u00f3 a amenazar de que si se presentaba a la escuela a laborar, a hacer su trabajo, la Directora iba a tomar la escuela\u201d, expres\u00f3.<\/p>\n\n\n\n<p>El entrevistado detall\u00f3 que la violencia inici\u00f3 luego de que la profesora del Sindicato Renovador Magisterial Veracruzano hiciera observaciones sobre Educaci\u00f3n Especial a la Directora del plantel.<\/p>\n\n\n\n<p>\u201cNo le gust\u00f3 que le hicieran varias observaciones de Educaci\u00f3n Especial, hay una matr\u00edcula de Educaci\u00f3n Especial, de ni\u00f1os que requieren la atenci\u00f3n por parte de las Usaer (Unidades de Servicios de Apoyo a la Educaci\u00f3n Regular) y no es posible que en estas fechas una persona as\u00ed est\u00e9 al frente de una Direcci\u00f3n y m\u00e1s de una primaria\u201d, a\u00f1adi\u00f3.<\/p>\n\n\n\n<p>Jorge Garc\u00eda pidi\u00f3 la urgente intervenci\u00f3n de las autoridades de la Secretar\u00eda de Educaci\u00f3n de Veracruz (SEV) para que cese la discriminaci\u00f3n contra su compa\u00f1era.<\/p>\n\n\n\n<p>Enfatiz\u00f3 que se solicit\u00f3 una audiencia con la directora general de Educaci\u00f3n Primaria Estatal, Nayeli Teresa Zaldivar Sobrevilla, pero no fueron recibidos y, por ello, decidieron manifestarse este lunes 21 de mayo.<\/p>\n\n\n\n<p>\u201cNo nos dej\u00f3 otra opci\u00f3n para denunciar penalmente, que sea la Fiscal\u00eda quien se encargue de integrar la carpeta de investigaci\u00f3n, fue presentada por hechos constitutivos de delito, no sabemos qu\u00e9 delitos puedan configurar, pero en estas fechas la violencia de g\u00e9nero y m\u00e1s entre mujeres no puede ser posible, menos en el gremio educativo\u201d, remat\u00f3.<\/p>\n\n\n\n<figure class=\"wp-block-image size-large\"><img loading=\"lazy\" decoding=\"async\" width=\"1024\" height=\"768\" src=\"https:\/\/encuentroinformativo.com.mx\/wp-content\/uploads\/2023\/05\/IMG_3539-1024x768.jpg\" alt=\"\" class=\"wp-image-40966\" srcset=\"https:\/\/encuentroinformativo.com.mx\/wp-content\/uploads\/2023\/05\/IMG_3539-1024x768.jpg 1024w, https:\/\/encuentroinformativo.com.mx\/wp-content\/uploads\/2023\/05\/IMG_3539-300x225.jpg 300w, https:\/\/encuentroinformativo.com.mx\/wp-content\/uploads\/2023\/05\/IMG_3539-768x576.jpg 768w, https:\/\/encuentroinformativo.com.mx\/wp-content\/uploads\/2023\/05\/IMG_3539-1536x1152.jpg 1536w, https:\/\/encuentroinformativo.com.mx\/wp-content\/uploads\/2023\/05\/IMG_3539.jpg 2016w\" sizes=\"auto, (max-width: 1024px) 100vw, 1024px\" \/><\/figure>\n","protected":false},"excerpt":{"rendered":"<p>Juan Arcos Xalapa, Ver.- Integrantes del Sindicato Renovador Magisterial Veracruzano (Srmav) protestaron y tomaron la Direcci\u00f3n General de Educaci\u00f3n Primaria Estatal, en esta ciudad de Xalapa, para denunciar un caso de presunta discriminaci\u00f3n en la escuela primaria \u201cMiguel Hidalgo y Costilla\u201d, en la comunidad Alto T\u00edo Diego, municipio de Tepetl\u00e1n. Los docentes colocaron pancartas y [&hellip;]<\/p>\n","protected":false},"author":2476,"featured_media":40965,"comment_status":"open","ping_status":"open","sticky":false,"template":"","format":"standard","meta":{"_jetpack_memberships_contains_paid_content":false,"footnotes":""},"categories":[3],"tags":[],"class_list":["post-40964","post","type-post","status-publish","format-standard","has-post-thumbnail","hentry","category-xalapa"],"jetpack_featured_media_url":"https:\/\/encuentroinformativo.com.mx\/wp-content\/uploads\/2023\/05\/IMG_3534.jpg","jetpack_sharing_enabled":true,"jetpack_likes_enabled":true,"amp_enabled":true,"_links":{"self":[{"href":"https:\/\/encuentroinformativo.com.mx\/index.php?rest_route=\/wp\/v2\/posts\/40964","targetHints":{"allow":["GET"]}}],"collection":[{"href":"https:\/\/encuentroinformativo.com.mx\/index.php?rest_route=\/wp\/v2\/posts"}],"about":[{"href":"https:\/\/encuentroinformativo.com.mx\/index.php?rest_route=\/wp\/v2\/types\/post"}],"author":[{"embeddable":true,"href":"https:\/\/encuentroinformativo.com.mx\/index.php?rest_route=\/wp\/v2\/users\/2476"}],"replies":[{"embeddable":true,"href":"https:\/\/encuentroinformativo.com.mx\/index.php?rest_route=%2Fwp%2Fv2%2Fcomments&post=40964"}],"version-history":[{"count":1,"href":"https:\/\/encuentroinformativo.com.mx\/index.php?rest_route=\/wp\/v2\/posts\/40964\/revisions"}],"predecessor-version":[{"id":40967,"href":"https:\/\/encuentroinformativo.com.mx\/index.php?rest_route=\/wp\/v2\/posts\/40964\/revisions\/40967"}],"wp:featuredmedia":[{"embeddable":true,"href":"https:\/\/encuentroinformativo.com.mx\/index.php?rest_route=\/wp\/v2\/media\/40965"}],"wp:attachment":[{"href":"https:\/\/encuentroinformativo.com.mx\/index.php?rest_route=%2Fwp%2Fv2%2Fmedia&parent=40964"}],"wp:term":[{"taxonomy":"category","embeddable":true,"href":"https:\/\/encuentroinformativo.com.mx\/index.php?rest_route=%2Fwp%2Fv2%2Fcategories&post=40964"},{"taxonomy":"post_tag","embeddable":true,"href":"https:\/\/encuentroinformativo.com.mx\/index.php?rest_route=%2Fwp%2Fv2%2Ftags&post=40964"}],"curies":[{"name":"wp","href":"https:\/\/api.w.org\/{rel}","templated":true}]}}