{"id":40982,"date":"2023-05-22T16:38:12","date_gmt":"2023-05-22T22:38:12","guid":{"rendered":"https:\/\/encuentroinformativo.com.mx\/?p=40982"},"modified":"2023-05-22T16:38:16","modified_gmt":"2023-05-22T22:38:16","slug":"exhorta-delegado-a-cuidar-formas-en-las-manifestaciones","status":"publish","type":"post","link":"https:\/\/encuentroinformativo.com.mx\/?p=40982","title":{"rendered":"Exhorta delegado a cuidar formas en las manifestaciones"},"content":{"rendered":"\n<p><strong>Dar\u00edo Pale <\/strong><\/p>\n\n\n\n<p>Xalapa, Ver.- Hay derecho a la manifestaci\u00f3n, pero se debe cuidar las formas as\u00ed lo se\u00f1al\u00f3 el delegado de los programas de Bienestar, Manuel Huerta Ladr\u00f3n de Guevara esto tras las manifestaciones contra la Suprema Corte y un ata\u00fad con la figura de la ministra Norma Pi\u00f1a.<\/p>\n\n\n\n<p>En entrevista se\u00f1al\u00f3 que despu\u00e9s de las protestas de funcionarios contra la Suprema Corte de Justicia de la Naci\u00f3n (SCJN) y los se\u00f1alamientos de organizaciones por violencia pol\u00edtica de g\u00e9nero por un ata\u00fad con una figura de la ministra Norma Pi\u00f1a, el delegado consider\u00f3 que se debe tener cuidado en las formas.\u00a0<\/p>\n\n\n\n<p>&#8220;Yo celebro el derecho de manifestaci\u00f3n, muchas veces lo he recibido en mi contra y lo he ejecutado en el uso de mis derechos, mis libertades&#8221;, se\u00f1al\u00f3.<\/p>\n\n\n\n<p>Si bien el delegado consider\u00f3 que es importante que exista, precis\u00f3 que se debe tener cuidado en las formas.<\/p>\n\n\n\n<p>&#8220;En las formas, hoy, se tiene que ser cuidadoso, porque estamos en un ambiente donde la derecha va a buscar cualquier mecanismo para perjudicar el movimiento que encabeza el presidente del pueblo de M\u00e9xico&#8221;, coment\u00f3.<\/p>\n\n\n\n<p>De manera que el delegado de Bienestar expuso que, como dec\u00eda Jes\u00fas Reyes Heroles, hay que ser cuidadosos.<\/p>\n\n\n\n<p>Finalmente coment\u00f3 que, &#8220;tambi\u00e9n hay una andanada m\u00e1s fuerte contra el propio presidente de la Rep\u00fablica. Nosotros estamos acostumbrados a que as\u00ed somos, as\u00ed tiene que ser en t\u00e9rminos de soportar los embates de la derecha&#8221;.<\/p>\n","protected":false},"excerpt":{"rendered":"<p>Dar\u00edo Pale Xalapa, Ver.- Hay derecho a la manifestaci\u00f3n, pero se debe cuidar las formas as\u00ed lo se\u00f1al\u00f3 el delegado de los programas de Bienestar, Manuel Huerta Ladr\u00f3n de Guevara esto tras las manifestaciones contra la Suprema Corte y un ata\u00fad con la figura de la ministra Norma Pi\u00f1a. En entrevista se\u00f1al\u00f3 que despu\u00e9s de [&hellip;]<\/p>\n","protected":false},"author":2476,"featured_media":40983,"comment_status":"open","ping_status":"open","sticky":false,"template":"","format":"standard","meta":{"_jetpack_memberships_contains_paid_content":false,"footnotes":""},"categories":[2],"tags":[],"class_list":["post-40982","post","type-post","status-publish","format-standard","has-post-thumbnail","hentry","category-estado"],"jetpack_featured_media_url":"https:\/\/encuentroinformativo.com.mx\/wp-content\/uploads\/2023\/05\/IMG-20230522-WA0094.jpg","jetpack_sharing_enabled":true,"jetpack_likes_enabled":true,"amp_enabled":true,"_links":{"self":[{"href":"https:\/\/encuentroinformativo.com.mx\/index.php?rest_route=\/wp\/v2\/posts\/40982","targetHints":{"allow":["GET"]}}],"collection":[{"href":"https:\/\/encuentroinformativo.com.mx\/index.php?rest_route=\/wp\/v2\/posts"}],"about":[{"href":"https:\/\/encuentroinformativo.com.mx\/index.php?rest_route=\/wp\/v2\/types\/post"}],"author":[{"embeddable":true,"href":"https:\/\/encuentroinformativo.com.mx\/index.php?rest_route=\/wp\/v2\/users\/2476"}],"replies":[{"embeddable":true,"href":"https:\/\/encuentroinformativo.com.mx\/index.php?rest_route=%2Fwp%2Fv2%2Fcomments&post=40982"}],"version-history":[{"count":1,"href":"https:\/\/encuentroinformativo.com.mx\/index.php?rest_route=\/wp\/v2\/posts\/40982\/revisions"}],"predecessor-version":[{"id":40984,"href":"https:\/\/encuentroinformativo.com.mx\/index.php?rest_route=\/wp\/v2\/posts\/40982\/revisions\/40984"}],"wp:featuredmedia":[{"embeddable":true,"href":"https:\/\/encuentroinformativo.com.mx\/index.php?rest_route=\/wp\/v2\/media\/40983"}],"wp:attachment":[{"href":"https:\/\/encuentroinformativo.com.mx\/index.php?rest_route=%2Fwp%2Fv2%2Fmedia&parent=40982"}],"wp:term":[{"taxonomy":"category","embeddable":true,"href":"https:\/\/encuentroinformativo.com.mx\/index.php?rest_route=%2Fwp%2Fv2%2Fcategories&post=40982"},{"taxonomy":"post_tag","embeddable":true,"href":"https:\/\/encuentroinformativo.com.mx\/index.php?rest_route=%2Fwp%2Fv2%2Ftags&post=40982"}],"curies":[{"name":"wp","href":"https:\/\/api.w.org\/{rel}","templated":true}]}}