{"id":40985,"date":"2023-05-22T16:42:13","date_gmt":"2023-05-22T22:42:13","guid":{"rendered":"https:\/\/encuentroinformativo.com.mx\/?p=40985"},"modified":"2023-05-22T16:42:30","modified_gmt":"2023-05-22T22:42:30","slug":"veracruz-sin-alertas-por-caida-de-ceniza-pc","status":"publish","type":"post","link":"https:\/\/encuentroinformativo.com.mx\/?p=40985","title":{"rendered":"Veracruz sin alertas por ca\u00edda de ceniza: PC"},"content":{"rendered":"\n<p><strong>Dar\u00edo Pale <\/strong><\/p>\n\n\n\n<p>Xalapa, Ver.- No hay alerta en ning\u00fan municipio por ca\u00edda de ceniza del Popo, no representa da\u00f1os a la salud, tienen reportes de ca\u00edda de ceniza en un veh\u00edculo en C\u00f3rdoba, as\u00ed lo inform\u00f3 la secretaria de Protecci\u00f3n Civil del Estado, Guadalupe Osorno Maldonado.<\/p>\n\n\n\n<p>En entrevista afirm\u00f3 de manera contundente que debido a la actividad del volc\u00e1n Popocat\u00e9petl, no hay riesgo para la salud de los habitantes de este Estado, no obstante admiti\u00f3 que la ceniza pudiera presentarse en los municipios cercanos al estado de Puebla, pero ser\u00eda &#8220;muy poquito material&#8221;.<\/p>\n\n\n\n<p>Aclar\u00f3 que no hay municipios en alerta e insisti\u00f3 en que lo que pudiera caer no afectar\u00eda a la salud a la gente.<\/p>\n\n\n\n<p>&#8220;No hay municipios en alerta, parece que viene al centro de Veracruz y por la pluma, pudiera cambiar su trayectoria de la nube de ceniza hacia la zona de Oaxaca, tenemos actividad desde la semana pasada y eso implica que haya material. El hecho de que pase una nube no significa que vaya a precipitar, o sea, no necesariamente va a caer la ceniza&#8221;, se\u00f1al\u00f3.<\/p>\n\n\n\n<p>Reconoci\u00f3 que les llegaron algunos reportes y se constat\u00f3 la ca\u00edda de ceniza en un veh\u00edculo en C\u00f3rdoba, pero recalc\u00f3 que la nube est\u00e1 a 7 mil metros sobre el nivel del mar.<\/p>\n\n\n\n<p>Subray\u00f3 que en caso de que cayera alg\u00fan material distinto se emitir\u00e1n las medidas que se deber\u00e1n tomar como barrer las cenizas, cuidar los autos porque se trata de cristales que pidieran rayar los veh\u00edculos.<\/p>\n\n\n\n<p>&#8220;Repito, no hay alerta en ninguno de los municipios y si llegara a caer, ser\u00eda muy muy ligero, tiene que ver con el cuidado a las cosas materiales, a los autos&#8221;, coment\u00f3.<\/p>\n\n\n\n<p>Respecto de una lista en donde se mencionan algunos municipios donde podr\u00eda caer la ceniza volc\u00e1nica, aclar\u00f3 que no la emiti\u00f3 la dependencia a su cargo.<\/p>\n\n\n\n<p>Finalmente dio a conocer que, &#8220;es una nube que est\u00e1 a 7 mil metros sobre el nivel del mar, esto quiere decir que como esa, hay nubes de vapor y no necesariamente por eso llueve&#8221;.<\/p>\n","protected":false},"excerpt":{"rendered":"<p>Dar\u00edo Pale Xalapa, Ver.- No hay alerta en ning\u00fan municipio por ca\u00edda de ceniza del Popo, no representa da\u00f1os a la salud, tienen reportes de ca\u00edda de ceniza en un veh\u00edculo en C\u00f3rdoba, as\u00ed lo inform\u00f3 la secretaria de Protecci\u00f3n Civil del Estado, Guadalupe Osorno Maldonado. En entrevista afirm\u00f3 de manera contundente que debido a [&hellip;]<\/p>\n","protected":false},"author":2476,"featured_media":40986,"comment_status":"open","ping_status":"open","sticky":false,"template":"","format":"standard","meta":{"_jetpack_memberships_contains_paid_content":false,"footnotes":""},"categories":[2],"tags":[],"class_list":["post-40985","post","type-post","status-publish","format-standard","has-post-thumbnail","hentry","category-estado"],"jetpack_featured_media_url":"https:\/\/encuentroinformativo.com.mx\/wp-content\/uploads\/2023\/05\/IMG-20230522-WA01222.jpg","jetpack_sharing_enabled":true,"jetpack_likes_enabled":true,"amp_enabled":true,"_links":{"self":[{"href":"https:\/\/encuentroinformativo.com.mx\/index.php?rest_route=\/wp\/v2\/posts\/40985","targetHints":{"allow":["GET"]}}],"collection":[{"href":"https:\/\/encuentroinformativo.com.mx\/index.php?rest_route=\/wp\/v2\/posts"}],"about":[{"href":"https:\/\/encuentroinformativo.com.mx\/index.php?rest_route=\/wp\/v2\/types\/post"}],"author":[{"embeddable":true,"href":"https:\/\/encuentroinformativo.com.mx\/index.php?rest_route=\/wp\/v2\/users\/2476"}],"replies":[{"embeddable":true,"href":"https:\/\/encuentroinformativo.com.mx\/index.php?rest_route=%2Fwp%2Fv2%2Fcomments&post=40985"}],"version-history":[{"count":1,"href":"https:\/\/encuentroinformativo.com.mx\/index.php?rest_route=\/wp\/v2\/posts\/40985\/revisions"}],"predecessor-version":[{"id":40987,"href":"https:\/\/encuentroinformativo.com.mx\/index.php?rest_route=\/wp\/v2\/posts\/40985\/revisions\/40987"}],"wp:featuredmedia":[{"embeddable":true,"href":"https:\/\/encuentroinformativo.com.mx\/index.php?rest_route=\/wp\/v2\/media\/40986"}],"wp:attachment":[{"href":"https:\/\/encuentroinformativo.com.mx\/index.php?rest_route=%2Fwp%2Fv2%2Fmedia&parent=40985"}],"wp:term":[{"taxonomy":"category","embeddable":true,"href":"https:\/\/encuentroinformativo.com.mx\/index.php?rest_route=%2Fwp%2Fv2%2Fcategories&post=40985"},{"taxonomy":"post_tag","embeddable":true,"href":"https:\/\/encuentroinformativo.com.mx\/index.php?rest_route=%2Fwp%2Fv2%2Ftags&post=40985"}],"curies":[{"name":"wp","href":"https:\/\/api.w.org\/{rel}","templated":true}]}}