{"id":40991,"date":"2023-05-22T16:57:20","date_gmt":"2023-05-22T22:57:20","guid":{"rendered":"https:\/\/encuentroinformativo.com.mx\/?p=40991"},"modified":"2023-05-22T16:57:25","modified_gmt":"2023-05-22T22:57:25","slug":"ocho-detenciones-por-homicidios-en-poza-rica-gobernador","status":"publish","type":"post","link":"https:\/\/encuentroinformativo.com.mx\/?p=40991","title":{"rendered":"Ocho detenciones por homicidios en Poza Rica: Gobernador"},"content":{"rendered":"\n<p>Xalapa, Ver.- Por los homicidios en Poza Rica, el cual tiene como detonante el ajuste de cuenta entre c\u00e9lulas delictivas, hay ocho detenidos y puesto a disposici\u00f3n por Fiscal\u00eda General del Estado, inform\u00f3 el gobernador Cuitl\u00e1huac Garc\u00eda Jim\u00e9nez.<\/p>\n\n\n\n<p>\u201cTraen conflictos internos y est\u00e1n haciendo ajustes, lamentablemente cobran vidas (\u2026) llevamos por dos hechos 8 detenidos, 4 en eventos diferentes, puesto a disposici\u00f3n por Fiscal\u00eda\u201d.<\/p>\n\n\n\n<p>Dijo que hay indicios de que los detenidos que cometieron los homicidios del \u00faltimo mes en Poza Rica, adem\u00e1s podr\u00edan estar involucrados en otros delitos como privaci\u00f3n ilegal de la libertad, secuestros y portaci\u00f3n de armas por lo cual tambi\u00e9n se le dar\u00e1 vista a la Fiscal\u00eda General de la Rep\u00fablica.<\/p>\n\n\n\n<p>Por el ataque al bar en Papantla, ya se detuvo a otra persona; con lo que ser\u00edan en total tres.<\/p>\n\n\n\n<p>Garc\u00eda Jim\u00e9nez dijo que se ha reforzado la seguridad en la zona, \u201ccomo hemos ido contra los cabecillas, en este momento hay reacomodos de los mermados grupos delictivos por el control de las plazas\u201d.<\/p>\n\n\n\n<p>Garc\u00eda Jim\u00e9nez lament\u00f3 la actuaci\u00f3n violenta de los criminales, \u201cvamos a hacer justicia porque este delito se persigue de oficio y nadie puede juzgar sobre la vida de otro\u201d.<\/p>\n","protected":false},"excerpt":{"rendered":"<p>Xalapa, Ver.- Por los homicidios en Poza Rica, el cual tiene como detonante el ajuste de cuenta entre c\u00e9lulas delictivas, hay ocho detenidos y puesto a disposici\u00f3n por Fiscal\u00eda General del Estado, inform\u00f3 el gobernador Cuitl\u00e1huac Garc\u00eda Jim\u00e9nez. \u201cTraen conflictos internos y est\u00e1n haciendo ajustes, lamentablemente cobran vidas (\u2026) llevamos por dos hechos 8 detenidos, [&hellip;]<\/p>\n","protected":false},"author":2476,"featured_media":40992,"comment_status":"open","ping_status":"open","sticky":false,"template":"","format":"standard","meta":{"_jetpack_memberships_contains_paid_content":false,"footnotes":""},"categories":[2],"tags":[],"class_list":["post-40991","post","type-post","status-publish","format-standard","has-post-thumbnail","hentry","category-estado"],"jetpack_featured_media_url":"https:\/\/encuentroinformativo.com.mx\/wp-content\/uploads\/2023\/05\/IMG-20230522-WA0140.jpg","jetpack_sharing_enabled":true,"jetpack_likes_enabled":true,"amp_enabled":true,"_links":{"self":[{"href":"https:\/\/encuentroinformativo.com.mx\/index.php?rest_route=\/wp\/v2\/posts\/40991","targetHints":{"allow":["GET"]}}],"collection":[{"href":"https:\/\/encuentroinformativo.com.mx\/index.php?rest_route=\/wp\/v2\/posts"}],"about":[{"href":"https:\/\/encuentroinformativo.com.mx\/index.php?rest_route=\/wp\/v2\/types\/post"}],"author":[{"embeddable":true,"href":"https:\/\/encuentroinformativo.com.mx\/index.php?rest_route=\/wp\/v2\/users\/2476"}],"replies":[{"embeddable":true,"href":"https:\/\/encuentroinformativo.com.mx\/index.php?rest_route=%2Fwp%2Fv2%2Fcomments&post=40991"}],"version-history":[{"count":1,"href":"https:\/\/encuentroinformativo.com.mx\/index.php?rest_route=\/wp\/v2\/posts\/40991\/revisions"}],"predecessor-version":[{"id":40993,"href":"https:\/\/encuentroinformativo.com.mx\/index.php?rest_route=\/wp\/v2\/posts\/40991\/revisions\/40993"}],"wp:featuredmedia":[{"embeddable":true,"href":"https:\/\/encuentroinformativo.com.mx\/index.php?rest_route=\/wp\/v2\/media\/40992"}],"wp:attachment":[{"href":"https:\/\/encuentroinformativo.com.mx\/index.php?rest_route=%2Fwp%2Fv2%2Fmedia&parent=40991"}],"wp:term":[{"taxonomy":"category","embeddable":true,"href":"https:\/\/encuentroinformativo.com.mx\/index.php?rest_route=%2Fwp%2Fv2%2Fcategories&post=40991"},{"taxonomy":"post_tag","embeddable":true,"href":"https:\/\/encuentroinformativo.com.mx\/index.php?rest_route=%2Fwp%2Fv2%2Ftags&post=40991"}],"curies":[{"name":"wp","href":"https:\/\/api.w.org\/{rel}","templated":true}]}}