{"id":40997,"date":"2023-05-22T17:51:42","date_gmt":"2023-05-22T23:51:42","guid":{"rendered":"https:\/\/encuentroinformativo.com.mx\/?p=40997"},"modified":"2023-05-22T17:51:46","modified_gmt":"2023-05-22T23:51:46","slug":"tenismesistas-jarochos-se-manifiestan-en-ivd-por-malas-instalaciones","status":"publish","type":"post","link":"https:\/\/encuentroinformativo.com.mx\/?p=40997","title":{"rendered":"Tenismesistas jarochos se manifiestan en IVD por malas instalaciones"},"content":{"rendered":"\n<p><strong>Alejandro \u00c1vila<\/strong><\/p>\n\n\n\n<p>Veracruz, Ver.- El Instituto Veracruzano del Deporte (IVD) sigue acumulando quejas de los atletas de la entidad. Este lunes por la tarde tenismesistas se manifestaron A las afueras del edificio sede ubicado en el municipio de Boca del R\u00edo.<\/p>\n\n\n\n<p>La queja de los deportistas se sobre el abandono que se tiene en el Centro de Raqueta, el cual fuera sede de Juegos Centroam\u00e9ricanos y del Caribe en el 2012, y ahora presentan fallas de enerc\u00eda el\u00e9ctrica y falta de aire acondicionado.<\/p>\n\n\n\n<p>&#8220;Las instalaciones no son los adecuadas, ya llevamos m\u00e1s o menos 3 semanas donde no hay climas, hemos reportado mucho lo que son las l\u00e1mparas, a los chicos, como es tenis de mesa, fija mucho la vista en lo que es la pelota, y ya hay muchos ni\u00f1os que se han lastimado por la falta de luz. Pr\u00e1cticamente es eso, las situaciones que no son las mejores para poder estar llevando a cabo la disciplina, nos ha dejado de venir en este mes de mayo ya gente, pues porque no son las condiciones&#8221;, explic\u00f3 Juan Guti\u00e9rrez, entrenador de Tenis de Mesa, qui\u00e9n adem\u00e1s, expuso que lo sueldos de los entrenadores van en porcentaje a la matr\u00edcula deportistas.<\/p>\n\n\n\n<p>Tras el regreso a los entrenamientos formales en octubre del 2022 se contaba con 70 personas entrenando tenis de mesa, poco a poco se han ido alejando del Centro de Raqueta y, al momento, solo cuentan con 20 atletas, los cuales entrenan de 4 de la tarde a 8 de la noche, los cuales pagan una mensualidad aproximada de 1 500 pesos al Instituto Veracruzano del Deporte.<\/p>\n\n\n\n<p>Juan Guti\u00e9rrez mencion\u00f3 que est\u00e1n pr\u00f3ximos a viajar para representar a Veracruz en los Juegos Nacionales CONADE, por lo cual organizaron un evento de fogueo el pasado fin de semana, donde invitaron a equipos de Tlaxcala, Puebla y Oaxaca, mismos que tambi\u00e9n se quejaron por las p\u00e9simas instalaciones del recinto deportivo boque\u00f1o.<\/p>\n\n\n\n<p>El conjunto representativo de Veracruz en la disciplina de Tenis de Mesa es garant\u00eda de medalla en Juegos Nacionales CONADE, eventos federados y campeonatos internacionales; hace apenas unas semanas, el tenismesista Ilan Lima, oriundo de Coatepec, logr\u00f3 medalla de plata en el campeonato sub 13 que se realiz\u00f3 en Guatemala.<\/p>\n","protected":false},"excerpt":{"rendered":"<p>Alejandro \u00c1vila Veracruz, Ver.- El Instituto Veracruzano del Deporte (IVD) sigue acumulando quejas de los atletas de la entidad. Este lunes por la tarde tenismesistas se manifestaron A las afueras del edificio sede ubicado en el municipio de Boca del R\u00edo. La queja de los deportistas se sobre el abandono que se tiene en el [&hellip;]<\/p>\n","protected":false},"author":2476,"featured_media":40998,"comment_status":"open","ping_status":"open","sticky":false,"template":"","format":"standard","meta":{"_jetpack_memberships_contains_paid_content":false,"footnotes":""},"categories":[2],"tags":[],"class_list":["post-40997","post","type-post","status-publish","format-standard","has-post-thumbnail","hentry","category-estado"],"jetpack_featured_media_url":"https:\/\/encuentroinformativo.com.mx\/wp-content\/uploads\/2023\/05\/IMG-20230522-WA0145.jpg","jetpack_sharing_enabled":true,"jetpack_likes_enabled":true,"amp_enabled":true,"_links":{"self":[{"href":"https:\/\/encuentroinformativo.com.mx\/index.php?rest_route=\/wp\/v2\/posts\/40997","targetHints":{"allow":["GET"]}}],"collection":[{"href":"https:\/\/encuentroinformativo.com.mx\/index.php?rest_route=\/wp\/v2\/posts"}],"about":[{"href":"https:\/\/encuentroinformativo.com.mx\/index.php?rest_route=\/wp\/v2\/types\/post"}],"author":[{"embeddable":true,"href":"https:\/\/encuentroinformativo.com.mx\/index.php?rest_route=\/wp\/v2\/users\/2476"}],"replies":[{"embeddable":true,"href":"https:\/\/encuentroinformativo.com.mx\/index.php?rest_route=%2Fwp%2Fv2%2Fcomments&post=40997"}],"version-history":[{"count":1,"href":"https:\/\/encuentroinformativo.com.mx\/index.php?rest_route=\/wp\/v2\/posts\/40997\/revisions"}],"predecessor-version":[{"id":40999,"href":"https:\/\/encuentroinformativo.com.mx\/index.php?rest_route=\/wp\/v2\/posts\/40997\/revisions\/40999"}],"wp:featuredmedia":[{"embeddable":true,"href":"https:\/\/encuentroinformativo.com.mx\/index.php?rest_route=\/wp\/v2\/media\/40998"}],"wp:attachment":[{"href":"https:\/\/encuentroinformativo.com.mx\/index.php?rest_route=%2Fwp%2Fv2%2Fmedia&parent=40997"}],"wp:term":[{"taxonomy":"category","embeddable":true,"href":"https:\/\/encuentroinformativo.com.mx\/index.php?rest_route=%2Fwp%2Fv2%2Fcategories&post=40997"},{"taxonomy":"post_tag","embeddable":true,"href":"https:\/\/encuentroinformativo.com.mx\/index.php?rest_route=%2Fwp%2Fv2%2Ftags&post=40997"}],"curies":[{"name":"wp","href":"https:\/\/api.w.org\/{rel}","templated":true}]}}