{"id":41000,"date":"2023-05-22T21:30:35","date_gmt":"2023-05-23T03:30:35","guid":{"rendered":"https:\/\/encuentroinformativo.com.mx\/?p=41000"},"modified":"2023-05-22T21:30:39","modified_gmt":"2023-05-23T03:30:39","slug":"el-incremento-a-maestros-se-realizara-con-rescate-financiero","status":"publish","type":"post","link":"https:\/\/encuentroinformativo.com.mx\/?p=41000","title":{"rendered":"El incremento a maestros se realizar\u00e1 con &#8216;rescate financiero&#8217;"},"content":{"rendered":"\n<p><strong>Dar\u00edo Pale <\/strong><\/p>\n\n\n\n<p>Xalapa, Ver.- El incremento a maestros ser\u00e1 con &#8220;rescate financiero&#8221;, adem\u00e1s coment\u00f3 que no tiene registro de ca\u00edda de ceniza en escuelas y que en Papantla tratan de causar terror, as\u00ed lo dio a conocer el secretario de Educaci\u00f3n, Zenyazen Escobar Garc\u00eda.<\/p>\n\n\n\n<p>En entrevista indic\u00f3 que este domingo estuvo en varios municipios de la zona centro y no se detect\u00f3 la ca\u00edda de ceniza volc\u00e1nica, no obstante reconoci\u00f3 que los municipios de las Altas Monta\u00f1as, podr\u00edan tener alg\u00fan registro de la ceniza, por su cercan\u00eda al municipio de Puebla.<\/p>\n\n\n\n<p>&#8220;Yo estuve all\u00e1 hasta las 11 de la noche y no detectamos, estuve en C\u00f3rdoba, en R\u00edo Blanco, Orizaba&#8221;, se\u00f1al\u00f3.<\/p>\n\n\n\n<p>En relaci\u00f3n a las supuestas amenazas lanzadas a trav\u00e9s de redes sociales por parte de presuntos criminales de la zona norte; el Secretario afirm\u00f3 que hay coordinaci\u00f3n con la SSP, el Gobernador, entre otros, por lo que pidi\u00f3 no tener miedo.<\/p>\n\n\n\n<p>&#8220;Yo creo que fue m\u00e1s como revuelo y p\u00e1nico, pero tambi\u00e9n Secretar\u00eda de Seguridad P\u00fablica estar\u00e1 muy al pendiente de toda este tipo de situaci\u00f3n&#8221;, coment\u00f3.<\/p>\n\n\n\n<p>Reconoci\u00f3 que muchas veces se difunden amenazas a trav\u00e9s de las redes sociales, sin embargo, deben estar al pendiente de manera responsable y segura sin causar p\u00e1nico.<\/p>\n\n\n\n<p>En otro orden de ideas defini\u00f3 que para poder pagar el incremento salarial a los maestros del Estado, deber\u00e1 haber un &#8220;rescate de la Federaci\u00f3n&#8221;.<\/p>\n\n\n\n<p>Hay que recordar que el presidente Andr\u00e9s Manuel L\u00f3pez Obrador anunci\u00f3 un incremento de sueldo de 8.2% a los profesores y trabajadores de la educaci\u00f3n, mismo que ser\u00e1 retroactivo desde enero de 2023.<\/p>\n\n\n\n<p>Dio a conocer que esta semana tienen una reuni\u00f3n con la secretaria de Educaci\u00f3n P\u00fablica, Leticia Ram\u00edrez Amaya, a la que tambi\u00e9n acuden el Gobernador, el secretario de Finanzas, Jos\u00e9 Luis Lima Franco, as\u00ed como la oficial mayor, Ariadna Aguilar Amaya.<\/p>\n\n\n\n<p>El funcionario aclar\u00f3 que el incremento a los maestros federales les llegar\u00e1 de manera directa no as\u00ed a los maestros estatales.<\/p>\n\n\n\n<p>&#8220;Primero decirles que estamos en la gesti\u00f3n del dinero, antes de que saliera solicitamos a la secretaria de Educaci\u00f3n que tomara en cuenta a los maestros estatales, sin embargo, lo tenemos que platicar con ella con el titular de la Administraci\u00f3n Financiera de la Secretar\u00eda de Educaci\u00f3n P\u00fablica, el Gobernador, la Secretar\u00eda de Finanzas, la Oficial Mayor y un servidor para ver c\u00f3mo vamos a entrar a esta situaci\u00f3n y que no nos vuelva a pasar lo que nos pas\u00f3 en diciembre&#8221;, extern\u00f3.<\/p>\n\n\n\n<p>Por ello, adelant\u00f3 que ya ha estado dialogando con algunas organizaciones sindicales a quienes les ha estado diciendo que han estado haciendo gestiones para lograr los recursos.<\/p>\n\n\n\n<p>Por \u00faltimo explic\u00f3 que todav\u00eda no tienen el monto de lo que deber\u00e1n dispersar como parte del aumento anunciado por el Presidente, ni c\u00f3mo lo van a dispersar.<\/p>\n","protected":false},"excerpt":{"rendered":"<p>Dar\u00edo Pale Xalapa, Ver.- El incremento a maestros ser\u00e1 con &#8220;rescate financiero&#8221;, adem\u00e1s coment\u00f3 que no tiene registro de ca\u00edda de ceniza en escuelas y que en Papantla tratan de causar terror, as\u00ed lo dio a conocer el secretario de Educaci\u00f3n, Zenyazen Escobar Garc\u00eda. En entrevista indic\u00f3 que este domingo estuvo en varios municipios de [&hellip;]<\/p>\n","protected":false},"author":2476,"featured_media":41001,"comment_status":"open","ping_status":"open","sticky":false,"template":"","format":"standard","meta":{"_jetpack_memberships_contains_paid_content":false,"footnotes":""},"categories":[2],"tags":[],"class_list":["post-41000","post","type-post","status-publish","format-standard","has-post-thumbnail","hentry","category-estado"],"jetpack_featured_media_url":"https:\/\/encuentroinformativo.com.mx\/wp-content\/uploads\/2023\/05\/IMG-20230522-WA01412.jpg","jetpack_sharing_enabled":true,"jetpack_likes_enabled":true,"amp_enabled":true,"_links":{"self":[{"href":"https:\/\/encuentroinformativo.com.mx\/index.php?rest_route=\/wp\/v2\/posts\/41000","targetHints":{"allow":["GET"]}}],"collection":[{"href":"https:\/\/encuentroinformativo.com.mx\/index.php?rest_route=\/wp\/v2\/posts"}],"about":[{"href":"https:\/\/encuentroinformativo.com.mx\/index.php?rest_route=\/wp\/v2\/types\/post"}],"author":[{"embeddable":true,"href":"https:\/\/encuentroinformativo.com.mx\/index.php?rest_route=\/wp\/v2\/users\/2476"}],"replies":[{"embeddable":true,"href":"https:\/\/encuentroinformativo.com.mx\/index.php?rest_route=%2Fwp%2Fv2%2Fcomments&post=41000"}],"version-history":[{"count":1,"href":"https:\/\/encuentroinformativo.com.mx\/index.php?rest_route=\/wp\/v2\/posts\/41000\/revisions"}],"predecessor-version":[{"id":41002,"href":"https:\/\/encuentroinformativo.com.mx\/index.php?rest_route=\/wp\/v2\/posts\/41000\/revisions\/41002"}],"wp:featuredmedia":[{"embeddable":true,"href":"https:\/\/encuentroinformativo.com.mx\/index.php?rest_route=\/wp\/v2\/media\/41001"}],"wp:attachment":[{"href":"https:\/\/encuentroinformativo.com.mx\/index.php?rest_route=%2Fwp%2Fv2%2Fmedia&parent=41000"}],"wp:term":[{"taxonomy":"category","embeddable":true,"href":"https:\/\/encuentroinformativo.com.mx\/index.php?rest_route=%2Fwp%2Fv2%2Fcategories&post=41000"},{"taxonomy":"post_tag","embeddable":true,"href":"https:\/\/encuentroinformativo.com.mx\/index.php?rest_route=%2Fwp%2Fv2%2Ftags&post=41000"}],"curies":[{"name":"wp","href":"https:\/\/api.w.org\/{rel}","templated":true}]}}