{"id":41007,"date":"2023-05-23T10:14:53","date_gmt":"2023-05-23T16:14:53","guid":{"rendered":"https:\/\/encuentroinformativo.com.mx\/?p=41007"},"modified":"2023-05-23T10:16:14","modified_gmt":"2023-05-23T16:16:14","slug":"convocan-a-manifestacion-contra-grupo-mas-en-medellin-de-bravo","status":"publish","type":"post","link":"https:\/\/encuentroinformativo.com.mx\/?p=41007","title":{"rendered":"Convocan a manifestaci\u00f3n contra Grupo MAS en Medell\u00edn de Bravo"},"content":{"rendered":"\n<p><strong>Alejandro \u00c1vila<\/strong><\/p>\n\n\n\n<p>Medell\u00edn de Bravo, Ver.- El diputado local, Magdaleno Rosales Torres convoc\u00f3 a una marcha en contra de la empresa Grupo MAS.<\/p>\n\n\n\n<p>Cabe recordar que hace una semana se logr\u00f3 que el Congreso de Veracruz aprobara la investigaci\u00f3n a la empresa Urbanizadora Medell\u00edn, misma que administra el agua en los fraccionamientos de Puente Moreno y Lagos de Puente Moreno; ahora la cargada va contra la empresa privada Grupo MAS.<\/p>\n\n\n\n<p>La cita es este domingo 28 de mayo a las 10 de la ma\u00f1ana en el estacionamiento del supermercado Soriana, ubicado en la localidad de El Tejar perteneciente al municipio de Medell\u00edn de Bravo.<\/p>\n\n\n\n<p>La invitaci\u00f3n se extiende a los ciudadanos inconformes de los municipios de Veracruz y Medell\u00edn de Bravo, donde Grupo MAS tiene injerencia en la administraci\u00f3n del agua; pero tambi\u00e9n se le abre las puertas a ciudadanos de Jamapa, Atoyac, Camar\u00f3n de Tejeda, Soledad de Doblado, Carrillo Puerto, Boca del R\u00edo, Manlio Fabio Altamirano, Cuitl\u00e1huac y Cotaxtla.<\/p>\n\n\n\n<p>&#8220;Sobre todo Cotaxtla, que es donde pretende Grupo MAS sacar el agua, desviar el agua del r\u00edo Cotaxtla para abastecer el r\u00edo Jamapa. Vamos a hacer una manifestaci\u00f3n pac\u00edfica para que salga Grupo MAS de toda esa zona conurbada, que se salga de sus pretensiones de querer desviar el agua del r\u00edo Cotaxtla, que se salga de sus pretensiones de querer seguir administrando el agua en la zona conurbada, ya que su actuar y su servicio ha sido p\u00e9simo, cobros excesivos, cortes injustificados, y todo ese tema tiene que ver con que ellos est\u00e1n administrando el agua en la zona conurbada Medellin, Veracruz y Boca del R\u00edo&#8221;, refut\u00f3 el legislador de Morena, Magdaleno Rosales Torres.<\/p>\n\n\n\n<figure class=\"wp-block-image size-large\"><img loading=\"lazy\" decoding=\"async\" width=\"1024\" height=\"1024\" src=\"https:\/\/encuentroinformativo.com.mx\/wp-content\/uploads\/2023\/05\/IMG-20230523-WA0005-1024x1024.jpg\" alt=\"\" class=\"wp-image-41008\" srcset=\"https:\/\/encuentroinformativo.com.mx\/wp-content\/uploads\/2023\/05\/IMG-20230523-WA0005-1024x1024.jpg 1024w, https:\/\/encuentroinformativo.com.mx\/wp-content\/uploads\/2023\/05\/IMG-20230523-WA0005-300x300.jpg 300w, https:\/\/encuentroinformativo.com.mx\/wp-content\/uploads\/2023\/05\/IMG-20230523-WA0005-150x150.jpg 150w, https:\/\/encuentroinformativo.com.mx\/wp-content\/uploads\/2023\/05\/IMG-20230523-WA0005-768x768.jpg 768w, https:\/\/encuentroinformativo.com.mx\/wp-content\/uploads\/2023\/05\/IMG-20230523-WA0005-1536x1536.jpg 1536w, https:\/\/encuentroinformativo.com.mx\/wp-content\/uploads\/2023\/05\/IMG-20230523-WA0005.jpg 1600w\" sizes=\"auto, (max-width: 1024px) 100vw, 1024px\" \/><\/figure>\n","protected":false},"excerpt":{"rendered":"<p>Alejandro \u00c1vila Medell\u00edn de Bravo, Ver.- El diputado local, Magdaleno Rosales Torres convoc\u00f3 a una marcha en contra de la empresa Grupo MAS. Cabe recordar que hace una semana se logr\u00f3 que el Congreso de Veracruz aprobara la investigaci\u00f3n a la empresa Urbanizadora Medell\u00edn, misma que administra el agua en los fraccionamientos de Puente Moreno [&hellip;]<\/p>\n","protected":false},"author":2476,"featured_media":41008,"comment_status":"open","ping_status":"open","sticky":false,"template":"","format":"standard","meta":{"_jetpack_memberships_contains_paid_content":false,"footnotes":""},"categories":[2],"tags":[],"class_list":["post-41007","post","type-post","status-publish","format-standard","has-post-thumbnail","hentry","category-estado"],"jetpack_featured_media_url":"https:\/\/encuentroinformativo.com.mx\/wp-content\/uploads\/2023\/05\/IMG-20230523-WA0005.jpg","jetpack_sharing_enabled":true,"jetpack_likes_enabled":true,"amp_enabled":true,"_links":{"self":[{"href":"https:\/\/encuentroinformativo.com.mx\/index.php?rest_route=\/wp\/v2\/posts\/41007","targetHints":{"allow":["GET"]}}],"collection":[{"href":"https:\/\/encuentroinformativo.com.mx\/index.php?rest_route=\/wp\/v2\/posts"}],"about":[{"href":"https:\/\/encuentroinformativo.com.mx\/index.php?rest_route=\/wp\/v2\/types\/post"}],"author":[{"embeddable":true,"href":"https:\/\/encuentroinformativo.com.mx\/index.php?rest_route=\/wp\/v2\/users\/2476"}],"replies":[{"embeddable":true,"href":"https:\/\/encuentroinformativo.com.mx\/index.php?rest_route=%2Fwp%2Fv2%2Fcomments&post=41007"}],"version-history":[{"count":2,"href":"https:\/\/encuentroinformativo.com.mx\/index.php?rest_route=\/wp\/v2\/posts\/41007\/revisions"}],"predecessor-version":[{"id":41010,"href":"https:\/\/encuentroinformativo.com.mx\/index.php?rest_route=\/wp\/v2\/posts\/41007\/revisions\/41010"}],"wp:featuredmedia":[{"embeddable":true,"href":"https:\/\/encuentroinformativo.com.mx\/index.php?rest_route=\/wp\/v2\/media\/41008"}],"wp:attachment":[{"href":"https:\/\/encuentroinformativo.com.mx\/index.php?rest_route=%2Fwp%2Fv2%2Fmedia&parent=41007"}],"wp:term":[{"taxonomy":"category","embeddable":true,"href":"https:\/\/encuentroinformativo.com.mx\/index.php?rest_route=%2Fwp%2Fv2%2Fcategories&post=41007"},{"taxonomy":"post_tag","embeddable":true,"href":"https:\/\/encuentroinformativo.com.mx\/index.php?rest_route=%2Fwp%2Fv2%2Ftags&post=41007"}],"curies":[{"name":"wp","href":"https:\/\/api.w.org\/{rel}","templated":true}]}}