{"id":41011,"date":"2023-05-23T10:22:35","date_gmt":"2023-05-23T16:22:35","guid":{"rendered":"https:\/\/encuentroinformativo.com.mx\/?p=41011"},"modified":"2023-05-23T10:22:53","modified_gmt":"2023-05-23T16:22:53","slug":"descarta-regidora-de-veracruz-haber-cargado-ataud-en-marcha-de-cdmx","status":"publish","type":"post","link":"https:\/\/encuentroinformativo.com.mx\/?p=41011","title":{"rendered":"Descarta regidora de Veracruz haber cargado ataud en marcha de CDMX"},"content":{"rendered":"\n<p><strong>Alejandro \u00c1vila<\/strong><\/p>\n\n\n\n<p>Veracruz, Ver.- La regidora del Ayuntamiento de Veracruz, Lissethe Mart\u00ednez Echeverr\u00eda, lament\u00f3 que la desinformaci\u00f3n provocar\u00e1 en redes sociales un desprestigio a su imagen y el trabajo que ha realizado durante a\u00f1os.<\/p>\n\n\n\n<p>La edil morenista neg\u00f3 tajantemente el haber cargado un ata\u00fad con im\u00e1genes de los Ministros de la Suprema Corte de Justicia, incluso, asegur\u00f3 que ni siquiera estuvo en la Ciudad de M\u00e9xico.<\/p>\n\n\n\n<p>&#8220;No particip\u00e9 en la marcha, un grupo de compa\u00f1eros y compa\u00f1eras nos reunimos para asistir, sin embargo por cuestiones de salud familiar no pude llegar a la marcha, no estuve presente y por supuesto que no cargu\u00e9 ni un ata\u00fad (\u2026) no fui a M\u00e9xico, no estuve presente, repito, no estuve en la manifestaci\u00f3n y no fui a la Ciudad de M\u00e9xico&#8221;, recalc\u00f3.<\/p>\n\n\n\n<p>Agreg\u00f3 que las fotos que se ven publicadas en sus perfiles de las redes sociales, son porque est\u00e1 a favor de los ideales de la Cuarta Transformaci\u00f3n; es decir, se encuentra en contra de la corrupci\u00f3n y las injusticias.<\/p>\n\n\n\n<p>&#8220;Siempre voy a estar salvaguardando los Derechos Humanos de cualquier persona y principalmente de las mujeres. En ese sentido es mi acompa\u00f1amiento como ideal, de mis valores y mis principios (\u2026) desconozco quien es est\u00e9 cargando esos ata\u00fades, y por supuesto que repruebo cualquier acto violento contra las mujeres, y obviamente en este caso hacia la Ministra, no es algo que me representa, y repruebo rotundamente esas manifestaciones de violencia&#8221;, sentenci\u00f3.<\/p>\n","protected":false},"excerpt":{"rendered":"<p>Alejandro \u00c1vila Veracruz, Ver.- La regidora del Ayuntamiento de Veracruz, Lissethe Mart\u00ednez Echeverr\u00eda, lament\u00f3 que la desinformaci\u00f3n provocar\u00e1 en redes sociales un desprestigio a su imagen y el trabajo que ha realizado durante a\u00f1os. La edil morenista neg\u00f3 tajantemente el haber cargado un ata\u00fad con im\u00e1genes de los Ministros de la Suprema Corte de Justicia, [&hellip;]<\/p>\n","protected":false},"author":2476,"featured_media":41012,"comment_status":"open","ping_status":"open","sticky":false,"template":"","format":"standard","meta":{"_jetpack_memberships_contains_paid_content":false,"footnotes":""},"categories":[2],"tags":[],"class_list":["post-41011","post","type-post","status-publish","format-standard","has-post-thumbnail","hentry","category-estado"],"jetpack_featured_media_url":"https:\/\/encuentroinformativo.com.mx\/wp-content\/uploads\/2023\/05\/IMG-20230523-WA0007.jpg","jetpack_sharing_enabled":true,"jetpack_likes_enabled":true,"amp_enabled":true,"_links":{"self":[{"href":"https:\/\/encuentroinformativo.com.mx\/index.php?rest_route=\/wp\/v2\/posts\/41011","targetHints":{"allow":["GET"]}}],"collection":[{"href":"https:\/\/encuentroinformativo.com.mx\/index.php?rest_route=\/wp\/v2\/posts"}],"about":[{"href":"https:\/\/encuentroinformativo.com.mx\/index.php?rest_route=\/wp\/v2\/types\/post"}],"author":[{"embeddable":true,"href":"https:\/\/encuentroinformativo.com.mx\/index.php?rest_route=\/wp\/v2\/users\/2476"}],"replies":[{"embeddable":true,"href":"https:\/\/encuentroinformativo.com.mx\/index.php?rest_route=%2Fwp%2Fv2%2Fcomments&post=41011"}],"version-history":[{"count":1,"href":"https:\/\/encuentroinformativo.com.mx\/index.php?rest_route=\/wp\/v2\/posts\/41011\/revisions"}],"predecessor-version":[{"id":41013,"href":"https:\/\/encuentroinformativo.com.mx\/index.php?rest_route=\/wp\/v2\/posts\/41011\/revisions\/41013"}],"wp:featuredmedia":[{"embeddable":true,"href":"https:\/\/encuentroinformativo.com.mx\/index.php?rest_route=\/wp\/v2\/media\/41012"}],"wp:attachment":[{"href":"https:\/\/encuentroinformativo.com.mx\/index.php?rest_route=%2Fwp%2Fv2%2Fmedia&parent=41011"}],"wp:term":[{"taxonomy":"category","embeddable":true,"href":"https:\/\/encuentroinformativo.com.mx\/index.php?rest_route=%2Fwp%2Fv2%2Fcategories&post=41011"},{"taxonomy":"post_tag","embeddable":true,"href":"https:\/\/encuentroinformativo.com.mx\/index.php?rest_route=%2Fwp%2Fv2%2Ftags&post=41011"}],"curies":[{"name":"wp","href":"https:\/\/api.w.org\/{rel}","templated":true}]}}