{"id":41026,"date":"2023-05-23T12:51:42","date_gmt":"2023-05-23T18:51:42","guid":{"rendered":"https:\/\/encuentroinformativo.com.mx\/?p=41026"},"modified":"2023-05-23T12:52:13","modified_gmt":"2023-05-23T18:52:13","slug":"se-pagara-aumento-a-docentes-cuando-federacion-mande-recursos-sefiplan","status":"publish","type":"post","link":"https:\/\/encuentroinformativo.com.mx\/?p=41026","title":{"rendered":"Se pagar\u00e1 aumento a docentes cuando federaci\u00f3n mand\u00e9 recursos: SEFIPLAN"},"content":{"rendered":"\n<p><strong>Dar\u00edo Pale <\/strong><\/p>\n\n\n\n<p>Xalapa, Ver.- A pesar de que se manifiesten los maestros para exigir su aumento salarial, solo se pagar\u00e1 cuando la federaci\u00f3n env\u00ede los recursos, as\u00ed lo asegur\u00f3 ro el titular de la Secretario de Finanzas y Planeaci\u00f3n, Jos\u00e9 Luis Lima Franco.<\/p>\n\n\n\n<p>En entrevista asegur\u00f3 que, aunque salgan a las calles, si el dinero no es enviado por la federaci\u00f3n no podr\u00e1n depositarles, y record\u00f3 que a los maestros estatales siempre les pagan despu\u00e9s que a los de sindicatos federales.<\/p>\n\n\n\n<p>El presidente Andr\u00e9s Manuel L\u00f3pez Obrador autoriz\u00f3 un aumento salarial a trabajadores del magisterio de un 8.2 por ciento para este ejercicio.<\/p>\n\n\n\n<p>El funcionario reiter\u00f3 que la federaci\u00f3n se har\u00e1 cargo del aumento a trabajadores federales y estatales, sin embargo, plante\u00f3 que la dispersi\u00f3n del dinero depende de que la tesorer\u00eda les env\u00ede el recurso.<\/p>\n\n\n\n<p>\u201cSi, a partir de que la Federaci\u00f3n nos d\u00e9, estar\u00edamos nosotros entregando los recursos, de entrada, ser\u00eda despu\u00e9s (el pago a docentes estatales), a menos que los recursos los recibiera el estado en las mismas fechas, pero lo que podemos decir es que se va a pagar, pero no en las mismas fechas. Al final se pag\u00f3&#8221;, se\u00f1al\u00f3.<\/p>\n\n\n\n<p>En el estado de Veracruz hay 137 mil 424 docentes distribuidos en 23 mil 920 escuelas en las que dan clases a 2 millones 199, 954 alumnos, sin embargo, una parte de la n\u00f3mina la cubre el Fondo de Aportaciones para la N\u00f3mina Educativa y Gasto Operativo (FONE); es decir, dinero de la Federaci\u00f3n.<\/p>\n\n\n\n<p>Finalmente cabe recordar que, en el a\u00f1o 2022, el presidente hizo un anuncio similar que llev\u00f3 a los maestros veracruzanos a manifestarse y suspender clases por 11 d\u00edas, exigiendo el pago de lo que se denomin\u00f3 el Bono del Bienestar, mismo que se deposit\u00f3 en diciembre, de manera retroactiva.<\/p>\n","protected":false},"excerpt":{"rendered":"<p>Dar\u00edo Pale Xalapa, Ver.- A pesar de que se manifiesten los maestros para exigir su aumento salarial, solo se pagar\u00e1 cuando la federaci\u00f3n env\u00ede los recursos, as\u00ed lo asegur\u00f3 ro el titular de la Secretario de Finanzas y Planeaci\u00f3n, Jos\u00e9 Luis Lima Franco. En entrevista asegur\u00f3 que, aunque salgan a las calles, si el dinero [&hellip;]<\/p>\n","protected":false},"author":2476,"featured_media":41027,"comment_status":"open","ping_status":"open","sticky":false,"template":"","format":"standard","meta":{"_jetpack_memberships_contains_paid_content":false,"footnotes":""},"categories":[2],"tags":[],"class_list":["post-41026","post","type-post","status-publish","format-standard","has-post-thumbnail","hentry","category-estado"],"jetpack_featured_media_url":"https:\/\/encuentroinformativo.com.mx\/wp-content\/uploads\/2023\/05\/IMG-20230523-WA00342.jpg","jetpack_sharing_enabled":true,"jetpack_likes_enabled":true,"amp_enabled":true,"_links":{"self":[{"href":"https:\/\/encuentroinformativo.com.mx\/index.php?rest_route=\/wp\/v2\/posts\/41026","targetHints":{"allow":["GET"]}}],"collection":[{"href":"https:\/\/encuentroinformativo.com.mx\/index.php?rest_route=\/wp\/v2\/posts"}],"about":[{"href":"https:\/\/encuentroinformativo.com.mx\/index.php?rest_route=\/wp\/v2\/types\/post"}],"author":[{"embeddable":true,"href":"https:\/\/encuentroinformativo.com.mx\/index.php?rest_route=\/wp\/v2\/users\/2476"}],"replies":[{"embeddable":true,"href":"https:\/\/encuentroinformativo.com.mx\/index.php?rest_route=%2Fwp%2Fv2%2Fcomments&post=41026"}],"version-history":[{"count":1,"href":"https:\/\/encuentroinformativo.com.mx\/index.php?rest_route=\/wp\/v2\/posts\/41026\/revisions"}],"predecessor-version":[{"id":41028,"href":"https:\/\/encuentroinformativo.com.mx\/index.php?rest_route=\/wp\/v2\/posts\/41026\/revisions\/41028"}],"wp:featuredmedia":[{"embeddable":true,"href":"https:\/\/encuentroinformativo.com.mx\/index.php?rest_route=\/wp\/v2\/media\/41027"}],"wp:attachment":[{"href":"https:\/\/encuentroinformativo.com.mx\/index.php?rest_route=%2Fwp%2Fv2%2Fmedia&parent=41026"}],"wp:term":[{"taxonomy":"category","embeddable":true,"href":"https:\/\/encuentroinformativo.com.mx\/index.php?rest_route=%2Fwp%2Fv2%2Fcategories&post=41026"},{"taxonomy":"post_tag","embeddable":true,"href":"https:\/\/encuentroinformativo.com.mx\/index.php?rest_route=%2Fwp%2Fv2%2Ftags&post=41026"}],"curies":[{"name":"wp","href":"https:\/\/api.w.org\/{rel}","templated":true}]}}