{"id":41029,"date":"2023-05-23T09:53:24","date_gmt":"2023-05-23T15:53:24","guid":{"rendered":"https:\/\/encuentroinformativo.com.mx\/?p=41029"},"modified":"2023-05-23T13:07:49","modified_gmt":"2023-05-23T19:07:49","slug":"por-protesta-con-ataud-senadora-realizara-denuncias","status":"publish","type":"post","link":"https:\/\/encuentroinformativo.com.mx\/?p=41029","title":{"rendered":"Por protesta con ata\u00fad, Senadora realizar\u00e1 denuncias"},"content":{"rendered":"\n<p><strong>Alejandro \u00c1vila<\/strong><\/p>\n\n\n\n<p>Veracruz, Ver.- Un alto n\u00famero de il\u00edcitos llev\u00f3 a cabo el Gobierno de Veracruz durante su manifestaci\u00f3n del pasado fin de semana en la Ciudad de M\u00e9xico, por tal motivo la Senadora, Indira Rosales San Rom\u00e1n realizar\u00e1 en conjunto con el Comit\u00e9 Estatal del PAN de Veracruz, una denuncia en contra de diversos funcionarios p\u00fablicos.<\/p>\n\n\n\n<p>\u201cLo que vivimos el d\u00eda s\u00e1bado fue un acto sin precedentes en el estado; fue el mayor acto de servilismo pol\u00edtico que hemos visto en esta entidad durante los \u00faltimos a\u00f1os y a costa del Erario P\u00fablico, a costa del dinero de los veracruzanos\u201d.<\/p>\n\n\n\n<p>Mencion\u00f3 que es rid\u00edculo que se movilice a cientos de servidores en contra de la Suprema Corte de Justicia de la Naci\u00f3n.<\/p>\n\n\n\n<p>&#8220;Es absolutamente contradictorio que un Poder Ejecutivo intente chantajear a otro Poder cuando este debe ser 100 por ciento aut\u00f3nomo de acuerdo con la Constituci\u00f3n; y su \u00fanica funci\u00f3n es hacer cumplir la legalidad en este pa\u00eds\u201d.&nbsp;<\/p>\n\n\n\n<p>Por ello, la Legisladora de Acci\u00f3n Nacional explic\u00f3 que interpondr\u00e1 una serie de acciones legales, como: una denuncia en la Fiscal\u00eda General de la Rep\u00fablica por la concurrencia de diversos delitos como apolog\u00eda del delito, violencia en raz\u00f3n de g\u00e9nero, amenazas y utilizaci\u00f3n de recursos p\u00fablicos, etc\u00e9tera.&nbsp;<\/p>\n\n\n\n<p>Una denuncia ante la Fiscal\u00eda Especializada en Combate a la Corrupci\u00f3n por el probable uso de dinero para la realizaci\u00f3n de ese tipo de actos, al trasladar a los \u201cacarreados\u201d; y otra en la FEPADE por la comisi\u00f3n de delitos electorales.&nbsp;<\/p>\n\n\n\n<p>Adem\u00e1s de una queja ante la Comisi\u00f3n Nacional de Derechos Humanos por actos de violencia contra las y los ministros de la SCJN, mismas que atentan contra su dignidad e incitan a la discriminaci\u00f3n y odio; al igual que una denuncia por violencia en raz\u00f3n de g\u00e9nero en contra de la Ministra Presidenta por el ejercicio del cargo.&nbsp;<\/p>\n\n\n\n<p>\u201cNosotros como Partido Acci\u00f3n Nacional tenemos claro que vamos a dar la batalla para que en este estado haya legalidad y para que haya una separaci\u00f3n de poderes\u201d, expuso.&nbsp;<\/p>\n","protected":false},"excerpt":{"rendered":"<p>Alejandro \u00c1vila Veracruz, Ver.- Un alto n\u00famero de il\u00edcitos llev\u00f3 a cabo el Gobierno de Veracruz durante su manifestaci\u00f3n del pasado fin de semana en la Ciudad de M\u00e9xico, por tal motivo la Senadora, Indira Rosales San Rom\u00e1n realizar\u00e1 en conjunto con el Comit\u00e9 Estatal del PAN de Veracruz, una denuncia en contra de diversos [&hellip;]<\/p>\n","protected":false},"author":2476,"featured_media":41030,"comment_status":"open","ping_status":"open","sticky":false,"template":"","format":"standard","meta":{"_jetpack_memberships_contains_paid_content":false,"footnotes":""},"categories":[2],"tags":[],"class_list":["post-41029","post","type-post","status-publish","format-standard","has-post-thumbnail","hentry","category-estado"],"jetpack_featured_media_url":"https:\/\/encuentroinformativo.com.mx\/wp-content\/uploads\/2023\/05\/IMG-20230523-WA0021.jpg","jetpack_sharing_enabled":true,"jetpack_likes_enabled":true,"amp_enabled":true,"_links":{"self":[{"href":"https:\/\/encuentroinformativo.com.mx\/index.php?rest_route=\/wp\/v2\/posts\/41029","targetHints":{"allow":["GET"]}}],"collection":[{"href":"https:\/\/encuentroinformativo.com.mx\/index.php?rest_route=\/wp\/v2\/posts"}],"about":[{"href":"https:\/\/encuentroinformativo.com.mx\/index.php?rest_route=\/wp\/v2\/types\/post"}],"author":[{"embeddable":true,"href":"https:\/\/encuentroinformativo.com.mx\/index.php?rest_route=\/wp\/v2\/users\/2476"}],"replies":[{"embeddable":true,"href":"https:\/\/encuentroinformativo.com.mx\/index.php?rest_route=%2Fwp%2Fv2%2Fcomments&post=41029"}],"version-history":[{"count":1,"href":"https:\/\/encuentroinformativo.com.mx\/index.php?rest_route=\/wp\/v2\/posts\/41029\/revisions"}],"predecessor-version":[{"id":41031,"href":"https:\/\/encuentroinformativo.com.mx\/index.php?rest_route=\/wp\/v2\/posts\/41029\/revisions\/41031"}],"wp:featuredmedia":[{"embeddable":true,"href":"https:\/\/encuentroinformativo.com.mx\/index.php?rest_route=\/wp\/v2\/media\/41030"}],"wp:attachment":[{"href":"https:\/\/encuentroinformativo.com.mx\/index.php?rest_route=%2Fwp%2Fv2%2Fmedia&parent=41029"}],"wp:term":[{"taxonomy":"category","embeddable":true,"href":"https:\/\/encuentroinformativo.com.mx\/index.php?rest_route=%2Fwp%2Fv2%2Fcategories&post=41029"},{"taxonomy":"post_tag","embeddable":true,"href":"https:\/\/encuentroinformativo.com.mx\/index.php?rest_route=%2Fwp%2Fv2%2Ftags&post=41029"}],"curies":[{"name":"wp","href":"https:\/\/api.w.org\/{rel}","templated":true}]}}