{"id":4103,"date":"2020-07-14T16:27:53","date_gmt":"2020-07-14T21:27:53","guid":{"rendered":"https:\/\/encuentroinformativo.com\/?p=4103"},"modified":"2020-07-14T16:27:56","modified_gmt":"2020-07-14T21:27:56","slug":"detectan-posibles-casos-de-covid-19-en-cmas","status":"publish","type":"post","link":"https:\/\/encuentroinformativo.com.mx\/?p=4103","title":{"rendered":"Detectan posibles casos de Covid-19 en CMAS"},"content":{"rendered":"\n<p><strong>Juan Arcos <\/strong><\/p>\n\n\n\n<p>Xalapa, Ver.- Trabajadores sindicalizados exigen a la Comisi\u00f3n Municipal de Agua y Saneamiento (CMAS) la sanitizaci\u00f3n de su \u00e1rea de trabajo para evitar contagios de COVID-19 entre el personal y los usuarios.<\/p>\n\n\n\n<p>El Sindicato de la Comisi\u00f3n Municipal de Agua Potable y Saneamiento de Xalapa, representado por Roberto M\u00e9ndez Castillo, Armando Contreras Sol\u00eds y Arnulfo Garc\u00eda Navarro, ha presentado la solicitud formal a la directora de Finanzas de CMAS, Dulce Mar\u00eda Galindo Ramos, quien respondi\u00f3 que se realizar\u00edan solo cada mes, ya que dicha situaci\u00f3n depende del Ayuntamiento de Xalapa.<\/p>\n\n\n\n<p>\u201cLo que corresponde a nosotros para garantizar el bienestar de nuestros compa\u00f1eros trabajadores y los usuarios que acuden a dichas instalaciones hemos tomado las medidas necesarias de acuerdo a los protocolos presentados por la secretar\u00eda de salud\u201d, manifestaron en un comunicado.<\/p>\n\n\n\n<p>Destacaron la importancia de la sanitizaci\u00f3n de \u00e1reas de trabajo en general y, sobre todo las \u00e1reas de alto riesgo por posibles casos de COVID-19.<\/p>\n\n\n\n<p>Los casos sospechosos de COVID-19 en CMAS fueron retirados de sus \u00e1reas de trabajo, as\u00ed como tambi\u00e9n, a sus compa\u00f1eros que se encontraban en la misma oficina.<\/p>\n\n\n\n<p>Lo representantes sindicales dieron a conocer que se han registrado contagios y trabajadores que presentan los s\u00edntomas de dicha enfermedad.<\/p>\n\n\n\n<p>Refirieron que han sido apoyados por el sindicato para tramitar su retiro del \u00e1rea de trabajo, para no verse afectados en sus ingresos.<\/p>\n\n\n\n<p>\u201cTambi\u00e9n se ha apoyado a quien requiere la compra de medicamentos por posible diagn\u00f3stico de COVID. Nos es preocupante la situacion actual que se esta padeciendo ante esta epidemia\u201d.<\/p>\n\n\n\n<p>En ese sentido, se ha solicitado a CMAS que otorgue de manera peri\u00f3dica mascarillas, guantes y lentes protectores, para los trabajadores.<\/p>\n\n\n\n<p>\u201cAunque debemos reconocer que en un inicio s\u00ed lo dieron, pero \u00faltimamente el personal ha tenido que comprar dichos equipos de protecci\u00f3n porque dejaron de darlo y el cubrebocas no es el adecuado.Nuestros trabajadores y nosotros estamos comprometidos con la ciudadan\u00eda y hay \u00e1reas que no pueden dejar de laborar ya que esto impactar\u00eda m\u00e1s la situaci\u00f3n actual del desabasto de agua a nuestra ciudad\u201d.<\/p>\n\n\n\n<p>Adem\u00e1s, solicitaron a CMAS que se reduzca al m\u00ednimo la plantilla laboral Lara evitar riesgo de contagio entre el personal.<\/p>\n\n\n\n<p>\u201cTambi\u00e9n estamos trabajando de cerca y apoyando con personal el \u00e1rea de protecci\u00f3n civil del organismo operador para abarcar m\u00e1s \u00e1reas en la seguridad, ya que para nuestro sindicato es de prioridad la estabilidad y seguridad de nuestros compa\u00f1eros. La direcci\u00f3n tendr\u00e1 que planear estrategias para la recuperaci\u00f3n de pagos por el servicio de este vital l\u00edquido ya que de lo contrario ocasionar\u00eda graves problemas de no tomar las medidas necesarias\u201d, culminaron.<\/p>\n\n\n\n<p><\/p>\n","protected":false},"excerpt":{"rendered":"<p>Juan Arcos Xalapa, Ver.- Trabajadores sindicalizados exigen a la Comisi\u00f3n Municipal de Agua y Saneamiento (CMAS) la sanitizaci\u00f3n de su \u00e1rea de trabajo para evitar contagios de COVID-19 entre el personal y los usuarios. El Sindicato de la Comisi\u00f3n Municipal de Agua Potable y Saneamiento de Xalapa, representado por Roberto M\u00e9ndez Castillo, Armando Contreras Sol\u00eds [&hellip;]<\/p>\n","protected":false},"author":1,"featured_media":4104,"comment_status":"open","ping_status":"open","sticky":false,"template":"","format":"standard","meta":{"_jetpack_memberships_contains_paid_content":false,"footnotes":""},"categories":[9],"tags":[],"class_list":["post-4103","post","type-post","status-publish","format-standard","has-post-thumbnail","hentry","category-salud"],"jetpack_featured_media_url":"https:\/\/encuentroinformativo.com.mx\/wp-content\/uploads\/2020\/07\/3DFA8D9C-03B5-43B4-85C7-8234FADCF165.jpeg","jetpack_sharing_enabled":true,"jetpack_likes_enabled":true,"amp_enabled":true,"_links":{"self":[{"href":"https:\/\/encuentroinformativo.com.mx\/index.php?rest_route=\/wp\/v2\/posts\/4103","targetHints":{"allow":["GET"]}}],"collection":[{"href":"https:\/\/encuentroinformativo.com.mx\/index.php?rest_route=\/wp\/v2\/posts"}],"about":[{"href":"https:\/\/encuentroinformativo.com.mx\/index.php?rest_route=\/wp\/v2\/types\/post"}],"author":[{"embeddable":true,"href":"https:\/\/encuentroinformativo.com.mx\/index.php?rest_route=\/wp\/v2\/users\/1"}],"replies":[{"embeddable":true,"href":"https:\/\/encuentroinformativo.com.mx\/index.php?rest_route=%2Fwp%2Fv2%2Fcomments&post=4103"}],"version-history":[{"count":1,"href":"https:\/\/encuentroinformativo.com.mx\/index.php?rest_route=\/wp\/v2\/posts\/4103\/revisions"}],"predecessor-version":[{"id":4105,"href":"https:\/\/encuentroinformativo.com.mx\/index.php?rest_route=\/wp\/v2\/posts\/4103\/revisions\/4105"}],"wp:featuredmedia":[{"embeddable":true,"href":"https:\/\/encuentroinformativo.com.mx\/index.php?rest_route=\/wp\/v2\/media\/4104"}],"wp:attachment":[{"href":"https:\/\/encuentroinformativo.com.mx\/index.php?rest_route=%2Fwp%2Fv2%2Fmedia&parent=4103"}],"wp:term":[{"taxonomy":"category","embeddable":true,"href":"https:\/\/encuentroinformativo.com.mx\/index.php?rest_route=%2Fwp%2Fv2%2Fcategories&post=4103"},{"taxonomy":"post_tag","embeddable":true,"href":"https:\/\/encuentroinformativo.com.mx\/index.php?rest_route=%2Fwp%2Fv2%2Ftags&post=4103"}],"curies":[{"name":"wp","href":"https:\/\/api.w.org\/{rel}","templated":true}]}}