{"id":41035,"date":"2023-05-23T14:10:19","date_gmt":"2023-05-23T20:10:19","guid":{"rendered":"https:\/\/encuentroinformativo.com.mx\/?p=41035"},"modified":"2023-05-23T14:10:23","modified_gmt":"2023-05-23T20:10:23","slug":"roberto-lucha-por-su-vida-tras-recibir-disparos-de-su-vecino-en-colonia-de-veracruz","status":"publish","type":"post","link":"https:\/\/encuentroinformativo.com.mx\/?p=41035","title":{"rendered":"Roberto lucha por su vida tras recibir disparos de su vecino en colonia de Veracruz"},"content":{"rendered":"\n<p><strong>Alejandro \u00c1vila<\/strong><\/p>\n\n\n\n<p>Veracruz, Ver.- Roberto, integrante de la comunidad LGBTI del Puerto de Veracruz lucha por su vida tras ser agredido con arma de fuego por su vecino, con qui\u00e9n ya hab\u00eda tenido sendas discusiones.<\/p>\n\n\n\n<p>Es por ello que la organizaci\u00f3n &#8220;Soy Humano&#8221; lanz\u00f3 un exhorto a las autoridades de la Fiscal\u00eda de Veracruz para que den con el paradero de su agresor, a quien identificaron como Julio C\u00e9sar &#8220;N&#8221; vecino del fraccionamiento Colinas de Santa Fe.<\/p>\n\n\n\n<p>Miguel \u00c1ngel Llinas, presidente de &#8220;Soy Humano&#8221;, extern\u00f3 su preocupaci\u00f3n y consternaci\u00f3n ante el atentado que podr\u00eda costarle la vida a Roberto.<\/p>\n\n\n\n<p>&#8220;Desafortunadamente las probabilidades son muy bajas de que sobreviva y exigimos a la Fiscal\u00eda que se de con el responsable este hecho tan violento que no quede impune (\u2026) el d\u00eda viernes precisamente Roberto fue atacado por su vecino, abiertamente fan\u00e1tico religioso, esto se dio despu\u00e9s de varios incidentes, ya hab\u00eda rencillas, el tipo sac\u00f3 un arma de fuego y le dispar\u00f3 en el est\u00f3mago&#8221;.<\/p>\n\n\n\n<p>Miguel \u00c1ngel Llinas, refiri\u00f3 que ya exist\u00edan antecedentes de agresiones debido a la preferencia sexual de Roberto, sin embargo, esta agresi\u00f3n escal\u00f3 a un ataque a balazos.<\/p>\n\n\n\n<p>&#8220;Ya hab\u00eda ataques, ya hab\u00eda insultos hacia su persona por su preferencia sexual, no lo bajaban de ya saben, las palabras de p\u2026 y de m\u2026 y esa situaci\u00f3n desencaden\u00f3 en un grave ataque a su integridad f\u00edsica &#8220;.<\/p>\n\n\n\n<p>Explic\u00f3 que el hecho ocurri\u00f3 cuando Roberto barr\u00eda su frente, y el iracundo vecino sali\u00f3 a reclamarle que seg\u00fan le echaba polvo a sus veh\u00edculos, empez\u00f3 una discusi\u00f3n y el vecino fue por un arma de fuego y le dispar\u00f3.<\/p>\n\n\n\n<p>El representante de la organizaci\u00f3n LGBTI, remarc\u00f3 que de acuerdo a los vecinos de Colinas de Santa Fe, Julio Cesar &#8220;N&#8221; es una persona agresiva.<\/p>\n\n\n\n<p>&#8220;Ya todos sab\u00edan que hab\u00eda rencillas por sus preferencias abiertamente gay,&nbsp;despu\u00e9s del hecho vecinos y familiares refieren de que salieron huyendo \u00e9l y su esposa&#8221;.<\/p>\n\n\n\n<p>El hecho fue denunciado como tentativa de homicidio y lo que resulte responsable ante la Fiscal\u00eda General del Estado.<\/p>\n\n\n\n<figure class=\"wp-block-image size-large\"><img loading=\"lazy\" decoding=\"async\" width=\"799\" height=\"1024\" src=\"https:\/\/encuentroinformativo.com.mx\/wp-content\/uploads\/2023\/05\/IMG-20230523-WA0058-799x1024.jpg\" alt=\"\" class=\"wp-image-41036\" srcset=\"https:\/\/encuentroinformativo.com.mx\/wp-content\/uploads\/2023\/05\/IMG-20230523-WA0058-799x1024.jpg 799w, https:\/\/encuentroinformativo.com.mx\/wp-content\/uploads\/2023\/05\/IMG-20230523-WA0058-234x300.jpg 234w, https:\/\/encuentroinformativo.com.mx\/wp-content\/uploads\/2023\/05\/IMG-20230523-WA0058-768x984.jpg 768w, https:\/\/encuentroinformativo.com.mx\/wp-content\/uploads\/2023\/05\/IMG-20230523-WA0058.jpg 1080w\" sizes=\"auto, (max-width: 799px) 100vw, 799px\" \/><\/figure>\n","protected":false},"excerpt":{"rendered":"<p>Alejandro \u00c1vila Veracruz, Ver.- Roberto, integrante de la comunidad LGBTI del Puerto de Veracruz lucha por su vida tras ser agredido con arma de fuego por su vecino, con qui\u00e9n ya hab\u00eda tenido sendas discusiones. Es por ello que la organizaci\u00f3n &#8220;Soy Humano&#8221; lanz\u00f3 un exhorto a las autoridades de la Fiscal\u00eda de Veracruz para [&hellip;]<\/p>\n","protected":false},"author":2476,"featured_media":41036,"comment_status":"open","ping_status":"open","sticky":false,"template":"","format":"standard","meta":{"_jetpack_memberships_contains_paid_content":false,"footnotes":""},"categories":[2],"tags":[],"class_list":["post-41035","post","type-post","status-publish","format-standard","has-post-thumbnail","hentry","category-estado"],"jetpack_featured_media_url":"https:\/\/encuentroinformativo.com.mx\/wp-content\/uploads\/2023\/05\/IMG-20230523-WA0058.jpg","jetpack_sharing_enabled":true,"jetpack_likes_enabled":true,"amp_enabled":true,"_links":{"self":[{"href":"https:\/\/encuentroinformativo.com.mx\/index.php?rest_route=\/wp\/v2\/posts\/41035","targetHints":{"allow":["GET"]}}],"collection":[{"href":"https:\/\/encuentroinformativo.com.mx\/index.php?rest_route=\/wp\/v2\/posts"}],"about":[{"href":"https:\/\/encuentroinformativo.com.mx\/index.php?rest_route=\/wp\/v2\/types\/post"}],"author":[{"embeddable":true,"href":"https:\/\/encuentroinformativo.com.mx\/index.php?rest_route=\/wp\/v2\/users\/2476"}],"replies":[{"embeddable":true,"href":"https:\/\/encuentroinformativo.com.mx\/index.php?rest_route=%2Fwp%2Fv2%2Fcomments&post=41035"}],"version-history":[{"count":1,"href":"https:\/\/encuentroinformativo.com.mx\/index.php?rest_route=\/wp\/v2\/posts\/41035\/revisions"}],"predecessor-version":[{"id":41037,"href":"https:\/\/encuentroinformativo.com.mx\/index.php?rest_route=\/wp\/v2\/posts\/41035\/revisions\/41037"}],"wp:featuredmedia":[{"embeddable":true,"href":"https:\/\/encuentroinformativo.com.mx\/index.php?rest_route=\/wp\/v2\/media\/41036"}],"wp:attachment":[{"href":"https:\/\/encuentroinformativo.com.mx\/index.php?rest_route=%2Fwp%2Fv2%2Fmedia&parent=41035"}],"wp:term":[{"taxonomy":"category","embeddable":true,"href":"https:\/\/encuentroinformativo.com.mx\/index.php?rest_route=%2Fwp%2Fv2%2Fcategories&post=41035"},{"taxonomy":"post_tag","embeddable":true,"href":"https:\/\/encuentroinformativo.com.mx\/index.php?rest_route=%2Fwp%2Fv2%2Ftags&post=41035"}],"curies":[{"name":"wp","href":"https:\/\/api.w.org\/{rel}","templated":true}]}}