{"id":41038,"date":"2023-05-23T14:18:49","date_gmt":"2023-05-23T20:18:49","guid":{"rendered":"https:\/\/encuentroinformativo.com.mx\/?p=41038"},"modified":"2023-05-23T14:18:53","modified_gmt":"2023-05-23T20:18:53","slug":"reclaman-justicia-ante-agresiones-a-integrantes-de-la-comunidad-lgbtttiq","status":"publish","type":"post","link":"https:\/\/encuentroinformativo.com.mx\/?p=41038","title":{"rendered":"Reclaman justicia ante agresiones a integrantes de la comunidad LGBTTTIQ"},"content":{"rendered":"\n<p><strong>Dar\u00edo Pale <\/strong><\/p>\n\n\n\n<p>Xalapa, Ver.- La Polic\u00eda de Gobernador hom\u00f3foba y violenta contra comunidad LGBTTTIQ+, no cesan las agresiones contra la comunidad por parte de los elementos de Secretar\u00eda de Seguridad P\u00fablica (SSP), ahora piden asilo en otras naciones, hay unas 15 solicitudes, por lo que Veracruz ocupa el primer lugar a nivel nacional por este tipo de agresiones<\/p>\n\n\n\n<p>En conferencia de prensa Leonardo Ru\u00edz Moreno presidente de la asociaci\u00f3n civil Orgullo Xalapa, denunci\u00f3 que las agresiones en contra de la comunidad LGBTTTIQ+ por parte de los elementos de la Secretar\u00eda de Seguridad P\u00fablica, no cesan.<\/p>\n\n\n\n<p>En conferencia de prensa, junto con Fedra Ariadna Hern\u00e1ndez Garc\u00eda, de la Casa de Mu\u00f1ecas Tiresias; refiri\u00f3 que el pasado 19 de mayo, elementos de la SSP agredieron a Isa\u00ed y David, pareja sentimental que caminaba por el fraccionamiento El F\u00e9nix del puerto de Veracruz, cuando fueron salvajemente agredidos.<\/p>\n\n\n\n<p>El representante de la comunidad de la diversidad sexual refiri\u00f3 que la pareja fue asaltada y brutalmente golpeada por los uniformados.<\/p>\n\n\n\n<p>Por su parte, Hern\u00e1ndez Garc\u00eda mencion\u00f3 que ese mismo d\u00eda ocurri\u00f3 otra agresi\u00f3n con arma blanca en contra de una persona de nombre Roberto, quien vive tambi\u00e9n en el puerto de Veracruz.<\/p>\n\n\n\n<p>La agresi\u00f3n ocurri\u00f3 por parte de sus vecinos, quienes ahora est\u00e1n pr\u00f3fugos de la justicia.<br>Por ello, solicit\u00f3 a la Fiscal\u00eda General del Estado que aplique el protocolo de actuaci\u00f3n por parte de las autoridades de justicia y que la investigaci\u00f3n se haga con perspectiva de diversidad sexual.<\/p>\n\n\n\n<p>En ese sentido, expusieron que el integrante de la comunidad est\u00e1 muy grave, en tanto que Isa\u00ed y su pareja tambi\u00e9n se encuentran graves, uno de ellos perdi\u00f3 los dientes de la golpiza que le propinaron.<br>Leonardo Ruiz Moreno asegur\u00f3 que la agresi\u00f3n en contra de la pareja fue cometida por dos elementos de la SSP y hasta el momento ninguno est\u00e1 bajo investigaci\u00f3n.<\/p>\n\n\n\n<p>Recordaron que al iniciar el 2023 se registraron los transfeminicidios de la trabajadora sexual Deniss, quien laboraba en el Puerto.<br>Posteriormente, se registr\u00f3 el crimen de otra trabajadora sexual de nombre Paris, en Catemaco, a ella le dispararon por la espalda con un arma de fuego.<\/p>\n\n\n\n<p>&#8220;Muchos no han sido contabilizado porque han pasado en la comunidad estudiantil, tanto por los mismos compa\u00f1eros, por los mismos maestros, pero tambi\u00e9n tenemos en los espacios p\u00fablicos. No hay un c\u00e1lculo como tal por el miedo a denunciar porque la comunidad tiene miedo de que haya represalias&#8221;, enfatiz\u00f3 Ariadna Hern\u00e1ndez Garc\u00eda.\u00a0<\/p>\n\n\n\n<p>Por otra parte, la defensora de los derechos de la comunidad LGBTTTIQ+ estim\u00f3 que hay unos 15 desplazados por violencia y que est\u00e1n solicitando asilo en otras naciones.<\/p>\n\n\n\n<p>Destac\u00f3 que a trav\u00e9s de la organizaci\u00f3n internacional Micro Rainbow se est\u00e1n atendiendo a los desplazados por cr\u00edmenes de odio.<\/p>\n\n\n\n<p>Fue ah\u00ed donde se\u00f1al\u00f3 que Brasil es el primer lugar a nivel mundial por el n\u00famero cr\u00edmenes cometidos contra la comunidad, mientras que M\u00e9xico ocupa el segundo lugar internacional por las agresiones.<\/p>\n\n\n\n<p>Finalmente en ese sentido, detall\u00f3 que Veracruz ocupa el primer lugar nacional por el n\u00famero de agresiones contra la comunidad de la diversidad sexual.<\/p>\n","protected":false},"excerpt":{"rendered":"<p>Dar\u00edo Pale Xalapa, Ver.- La Polic\u00eda de Gobernador hom\u00f3foba y violenta contra comunidad LGBTTTIQ+, no cesan las agresiones contra la comunidad por parte de los elementos de Secretar\u00eda de Seguridad P\u00fablica (SSP), ahora piden asilo en otras naciones, hay unas 15 solicitudes, por lo que Veracruz ocupa el primer lugar a nivel nacional por este [&hellip;]<\/p>\n","protected":false},"author":2476,"featured_media":41040,"comment_status":"open","ping_status":"open","sticky":false,"template":"","format":"standard","meta":{"_jetpack_memberships_contains_paid_content":false,"footnotes":""},"categories":[3],"tags":[],"class_list":["post-41038","post","type-post","status-publish","format-standard","has-post-thumbnail","hentry","category-xalapa"],"jetpack_featured_media_url":"https:\/\/encuentroinformativo.com.mx\/wp-content\/uploads\/2023\/05\/Photo_1684873062228.jpg","jetpack_sharing_enabled":true,"jetpack_likes_enabled":true,"amp_enabled":true,"_links":{"self":[{"href":"https:\/\/encuentroinformativo.com.mx\/index.php?rest_route=\/wp\/v2\/posts\/41038","targetHints":{"allow":["GET"]}}],"collection":[{"href":"https:\/\/encuentroinformativo.com.mx\/index.php?rest_route=\/wp\/v2\/posts"}],"about":[{"href":"https:\/\/encuentroinformativo.com.mx\/index.php?rest_route=\/wp\/v2\/types\/post"}],"author":[{"embeddable":true,"href":"https:\/\/encuentroinformativo.com.mx\/index.php?rest_route=\/wp\/v2\/users\/2476"}],"replies":[{"embeddable":true,"href":"https:\/\/encuentroinformativo.com.mx\/index.php?rest_route=%2Fwp%2Fv2%2Fcomments&post=41038"}],"version-history":[{"count":1,"href":"https:\/\/encuentroinformativo.com.mx\/index.php?rest_route=\/wp\/v2\/posts\/41038\/revisions"}],"predecessor-version":[{"id":41041,"href":"https:\/\/encuentroinformativo.com.mx\/index.php?rest_route=\/wp\/v2\/posts\/41038\/revisions\/41041"}],"wp:featuredmedia":[{"embeddable":true,"href":"https:\/\/encuentroinformativo.com.mx\/index.php?rest_route=\/wp\/v2\/media\/41040"}],"wp:attachment":[{"href":"https:\/\/encuentroinformativo.com.mx\/index.php?rest_route=%2Fwp%2Fv2%2Fmedia&parent=41038"}],"wp:term":[{"taxonomy":"category","embeddable":true,"href":"https:\/\/encuentroinformativo.com.mx\/index.php?rest_route=%2Fwp%2Fv2%2Fcategories&post=41038"},{"taxonomy":"post_tag","embeddable":true,"href":"https:\/\/encuentroinformativo.com.mx\/index.php?rest_route=%2Fwp%2Fv2%2Ftags&post=41038"}],"curies":[{"name":"wp","href":"https:\/\/api.w.org\/{rel}","templated":true}]}}