{"id":41042,"date":"2023-05-23T14:26:00","date_gmt":"2023-05-23T20:26:00","guid":{"rendered":"https:\/\/encuentroinformativo.com.mx\/?p=41042"},"modified":"2023-05-23T14:26:15","modified_gmt":"2023-05-23T20:26:15","slug":"para-supervisar-corredor-transistmico-estara-el-presidente-en-veracruz","status":"publish","type":"post","link":"https:\/\/encuentroinformativo.com.mx\/?p=41042","title":{"rendered":"Para supervisar corredor trans\u00edstmico, estar\u00e1 el presidente en Veracruz"},"content":{"rendered":"\n<p><strong>Dar\u00edo Pale <\/strong><\/p>\n\n\n\n<p>Xalapa, Ver.- Este viernes, el presidente de M\u00e9xico Andr\u00e9s Manuel L\u00f3pez Obrador estar\u00eda en Veracruz, as\u00ed lo inform\u00f3 el delegado de los programas de Bienestar Manuel Huerta Ladr\u00f3n de Guevara, indic\u00f3 que supervisar\u00e1 el proyecto del Corredor Trans\u00edstmico.<\/p>\n\n\n\n<p>En entrevista adelant\u00f3 que el presidente Andr\u00e9s Manuel L\u00f3pez Obrador visitar\u00e1 el estado de Veracruz este viernes para supervisar el proyecto del Corredor Trans\u00edstmico.<\/p>\n\n\n\n<p>&#8220;El viernes vuelve a venir el presidente al sur de Veracruz, yo tengo que estar cerca de d\u00f3nde \u00e9l va para atender cualquier encomienda que me encargue&#8221;, se\u00f1al\u00f3.<\/p>\n\n\n\n<p>Manuel Huerta precis\u00f3 que el titular del Ejecutivo federal estar\u00e1 en el sur para revisar lo del proyecto del Corredor Trans\u00edstmico.<\/p>\n\n\n\n<p>&#8220;Viene a hacer una revisi\u00f3n, que no es abierta al p\u00fablico, que es cerrada y que ya se oficializar\u00e1, ahorita todav\u00eda no es oficial, estoy previendo que as\u00ed ocurra, cuando ya vaya a ser, avisar\u00e9 oficialmente&#8221;, coment\u00f3.<\/p>\n\n\n\n<p>El delegado de Bienestar acot\u00f3 que se trata de una visita de pisa y corre y estar\u00e1 en alg\u00fan lugar del sureste, &#8220;probablemente, yo calculo, que ser\u00e1 en Veracruz, pero ya les informar\u00e9&#8221;.\u00a0<\/p>\n\n\n\n<p>El funcionario federal se\u00f1alo que es su representante en el estado de Veracruz, &#8220;tengo que estar atento a cualquier ciudadano, a cualquier problema como si estuviera el presidente&#8221;.<\/p>\n","protected":false},"excerpt":{"rendered":"<p>Dar\u00edo Pale Xalapa, Ver.- Este viernes, el presidente de M\u00e9xico Andr\u00e9s Manuel L\u00f3pez Obrador estar\u00eda en Veracruz, as\u00ed lo inform\u00f3 el delegado de los programas de Bienestar Manuel Huerta Ladr\u00f3n de Guevara, indic\u00f3 que supervisar\u00e1 el proyecto del Corredor Trans\u00edstmico. En entrevista adelant\u00f3 que el presidente Andr\u00e9s Manuel L\u00f3pez Obrador visitar\u00e1 el estado de Veracruz [&hellip;]<\/p>\n","protected":false},"author":2476,"featured_media":41043,"comment_status":"open","ping_status":"open","sticky":false,"template":"","format":"standard","meta":{"_jetpack_memberships_contains_paid_content":false,"footnotes":""},"categories":[12],"tags":[],"class_list":["post-41042","post","type-post","status-publish","format-standard","has-post-thumbnail","hentry","category-nacional"],"jetpack_featured_media_url":"https:\/\/encuentroinformativo.com.mx\/wp-content\/uploads\/2023\/05\/IMG-20230523-WA0015.jpg","jetpack_sharing_enabled":true,"jetpack_likes_enabled":true,"amp_enabled":true,"_links":{"self":[{"href":"https:\/\/encuentroinformativo.com.mx\/index.php?rest_route=\/wp\/v2\/posts\/41042","targetHints":{"allow":["GET"]}}],"collection":[{"href":"https:\/\/encuentroinformativo.com.mx\/index.php?rest_route=\/wp\/v2\/posts"}],"about":[{"href":"https:\/\/encuentroinformativo.com.mx\/index.php?rest_route=\/wp\/v2\/types\/post"}],"author":[{"embeddable":true,"href":"https:\/\/encuentroinformativo.com.mx\/index.php?rest_route=\/wp\/v2\/users\/2476"}],"replies":[{"embeddable":true,"href":"https:\/\/encuentroinformativo.com.mx\/index.php?rest_route=%2Fwp%2Fv2%2Fcomments&post=41042"}],"version-history":[{"count":1,"href":"https:\/\/encuentroinformativo.com.mx\/index.php?rest_route=\/wp\/v2\/posts\/41042\/revisions"}],"predecessor-version":[{"id":41044,"href":"https:\/\/encuentroinformativo.com.mx\/index.php?rest_route=\/wp\/v2\/posts\/41042\/revisions\/41044"}],"wp:featuredmedia":[{"embeddable":true,"href":"https:\/\/encuentroinformativo.com.mx\/index.php?rest_route=\/wp\/v2\/media\/41043"}],"wp:attachment":[{"href":"https:\/\/encuentroinformativo.com.mx\/index.php?rest_route=%2Fwp%2Fv2%2Fmedia&parent=41042"}],"wp:term":[{"taxonomy":"category","embeddable":true,"href":"https:\/\/encuentroinformativo.com.mx\/index.php?rest_route=%2Fwp%2Fv2%2Fcategories&post=41042"},{"taxonomy":"post_tag","embeddable":true,"href":"https:\/\/encuentroinformativo.com.mx\/index.php?rest_route=%2Fwp%2Fv2%2Ftags&post=41042"}],"curies":[{"name":"wp","href":"https:\/\/api.w.org\/{rel}","templated":true}]}}