{"id":41061,"date":"2023-05-23T11:54:09","date_gmt":"2023-05-23T17:54:09","guid":{"rendered":"https:\/\/encuentroinformativo.com.mx\/?p=41061"},"modified":"2023-05-23T17:54:38","modified_gmt":"2023-05-23T23:54:38","slug":"acusa-diputada-actos-feminicidas-en-manifestacion-contra-norma-pina","status":"publish","type":"post","link":"https:\/\/encuentroinformativo.com.mx\/?p=41061","title":{"rendered":"Acusa diputada actos feminicidas en manifestaci\u00f3n contra Norma Pi\u00f1a"},"content":{"rendered":"\n<p><strong>Alejandro \u00c1vila<\/strong><\/p>\n\n\n\n<p>Veracruz, Ver.- La diputada local, Ver\u00f3nica Pulido Herrera, reprob\u00f3 los actos de violencia y apolog\u00eda del delito en que incurrieron funcionarios p\u00fablicos de Veracruz, en la manifestaci\u00f3n del pasado s\u00e1bado en la Ciudad de M\u00e9xico en contra de la Ministra Presidenta y Ministros de la Suprema Corte de Justicia de la Naci\u00f3n (SCJN).<\/p>\n\n\n\n<p>La legisladora panista dijo que gritar, insultar, y hacer apolog\u00eda de la muerte de la Ministra es un acto verdaderamente inaudito, un acto de irreverencia el ataque a su persona y al ejercicio de su funci\u00f3n p\u00fablica.<\/p>\n\n\n\n<p>Puntualiz\u00f3 que menoscabar el trabajo y denigrar la imagen de la Ministra, Norma Pi\u00f1a, es inadmisible, pero lo m\u00e1s grave es que este tipo de actos azuzan a la gente, especialmente a sus seguidores, a cometer actos de violencia a niveles m\u00e1s altos, como agredirla f\u00edsicamente y hasta causarle la muerte, situaci\u00f3n que pone en riesgo la vida e integridad personal de la Ministra Presidenta.<\/p>\n\n\n\n<p>Pulido Herrera acus\u00f3&nbsp; que es \u201cgrav\u00edsimo\u201d ver al Presidente del Sistema para Prevenir, Atender, Sancionar y Erradicar la violencia contra las mujeres de Veracruz, el propio, secretario de Gobierno, Eric Patrocinio Cisneros Burgos, violentar a la Ministra Presidenta de la Corte.<\/p>\n\n\n\n<p>El cargar un ata\u00fad con una cruz con el nombre de Norma Pi\u00f1a, por parte del presidente de la Junta de Gobierno del Instituto Veracruzano de las Mujeres, el gobernador, Cuitl\u00e1huac Garc\u00eda, es un acto reprobable e il\u00edcito, que podr\u00eda manifestarse como violencia de g\u00e9nero.<\/p>\n\n\n\n<p>Al respecto, abund\u00f3 que de acuerdo a los art\u00edculos 16, 20 bis, y 21 de la Ley General de Acceso de las Mujeres a una vida libre de violencia, los hechos registrados el pasado s\u00e1bado frente a la SCJN pueden ser calificados como de Violencia Comunitaria, porque se trata de un acto colectivo donde se transgredieron los derechos fundamentales de las mujeres y propiciaron la degradaci\u00f3n, discriminaci\u00f3n, marginaci\u00f3n o exclusi\u00f3n en el \u00e1mbito p\u00fablico de la Ministra Pi\u00f1a.<\/p>\n\n\n\n<p>Igualmente incurrieron en violencia feminicida, definida por la Ley de Acceso como una forma extrema de violencia contra las mujeres, conformada por un conjunto de conductas mis\u00f3ginas que pueden conllevar tolerancia social e indiferencia del Estado y pueda culminar en homicidio y otras formas de muerte violenta de mujeres.<\/p>\n\n\n\n<p>Este tipo de actos, sostuvo la diputada Ver\u00f3nica Pulido Herrera, son totalmente reprobables, ya que lo \u00fanico que hacen es demeritar a las instituciones, fomentar el odio y el encono y dejar de promover la paz, la concordia y el respeto del Estado de Derecho que deben encauzar todo gobierno sin importar su ideolog\u00eda.<\/p>\n\n\n\n<p>&#8220;\u00bfC\u00f3mo podemos exigirle a este gobierno seguridad y acciones de erradicaci\u00f3n de la violencia, si es el primero en violentar a las mujeres? \u00bfC\u00f3mo vamos a estar seguras las mujeres en este estado, si su oficio principal es dividir, generar encono y violentar la ley?. No hay raz\u00f3n legal ni leg\u00edtima que justifique este tipo de actos y menos que provengan de quien tiene la tarea constitucional de gobernar, para eso se les eligi\u00f3, no para promover la violencia, acus\u00f3 la diputada Ver\u00f3nica Pulido Herrera.<\/p>\n","protected":false},"excerpt":{"rendered":"<p>Alejandro \u00c1vila Veracruz, Ver.- La diputada local, Ver\u00f3nica Pulido Herrera, reprob\u00f3 los actos de violencia y apolog\u00eda del delito en que incurrieron funcionarios p\u00fablicos de Veracruz, en la manifestaci\u00f3n del pasado s\u00e1bado en la Ciudad de M\u00e9xico en contra de la Ministra Presidenta y Ministros de la Suprema Corte de Justicia de la Naci\u00f3n (SCJN). [&hellip;]<\/p>\n","protected":false},"author":2476,"featured_media":41062,"comment_status":"open","ping_status":"open","sticky":false,"template":"","format":"standard","meta":{"_jetpack_memberships_contains_paid_content":false,"footnotes":""},"categories":[2],"tags":[],"class_list":["post-41061","post","type-post","status-publish","format-standard","has-post-thumbnail","hentry","category-estado"],"jetpack_featured_media_url":"https:\/\/encuentroinformativo.com.mx\/wp-content\/uploads\/2023\/05\/IMG-20230523-WA0098.jpg","jetpack_sharing_enabled":true,"jetpack_likes_enabled":true,"amp_enabled":true,"_links":{"self":[{"href":"https:\/\/encuentroinformativo.com.mx\/index.php?rest_route=\/wp\/v2\/posts\/41061","targetHints":{"allow":["GET"]}}],"collection":[{"href":"https:\/\/encuentroinformativo.com.mx\/index.php?rest_route=\/wp\/v2\/posts"}],"about":[{"href":"https:\/\/encuentroinformativo.com.mx\/index.php?rest_route=\/wp\/v2\/types\/post"}],"author":[{"embeddable":true,"href":"https:\/\/encuentroinformativo.com.mx\/index.php?rest_route=\/wp\/v2\/users\/2476"}],"replies":[{"embeddable":true,"href":"https:\/\/encuentroinformativo.com.mx\/index.php?rest_route=%2Fwp%2Fv2%2Fcomments&post=41061"}],"version-history":[{"count":1,"href":"https:\/\/encuentroinformativo.com.mx\/index.php?rest_route=\/wp\/v2\/posts\/41061\/revisions"}],"predecessor-version":[{"id":41063,"href":"https:\/\/encuentroinformativo.com.mx\/index.php?rest_route=\/wp\/v2\/posts\/41061\/revisions\/41063"}],"wp:featuredmedia":[{"embeddable":true,"href":"https:\/\/encuentroinformativo.com.mx\/index.php?rest_route=\/wp\/v2\/media\/41062"}],"wp:attachment":[{"href":"https:\/\/encuentroinformativo.com.mx\/index.php?rest_route=%2Fwp%2Fv2%2Fmedia&parent=41061"}],"wp:term":[{"taxonomy":"category","embeddable":true,"href":"https:\/\/encuentroinformativo.com.mx\/index.php?rest_route=%2Fwp%2Fv2%2Fcategories&post=41061"},{"taxonomy":"post_tag","embeddable":true,"href":"https:\/\/encuentroinformativo.com.mx\/index.php?rest_route=%2Fwp%2Fv2%2Ftags&post=41061"}],"curies":[{"name":"wp","href":"https:\/\/api.w.org\/{rel}","templated":true}]}}