{"id":41064,"date":"2023-05-23T17:59:04","date_gmt":"2023-05-23T23:59:04","guid":{"rendered":"https:\/\/encuentroinformativo.com.mx\/?p=41064"},"modified":"2023-05-23T17:59:08","modified_gmt":"2023-05-23T23:59:08","slug":"ante-protestas-frecuentes-visita-gobernador-ivd","status":"publish","type":"post","link":"https:\/\/encuentroinformativo.com.mx\/?p=41064","title":{"rendered":"Ante protestas frecuentes, visita gobernador IVD"},"content":{"rendered":"\n<p><strong>Alejandro \u00c1vila<\/strong><\/p>\n\n\n\n<p>Veracruz, Ver.- El gobernador Cuitl\u00e1huac Garc\u00eda Jim\u00e9nez, inform\u00f3 a trav\u00e9s de un video en redes sociales que, cinco elementos de la Polic\u00eda Municipal de Poza Rica fueron detenidos y ser\u00e1n investigados por presuntamente estar inmiscuidos en los hechos delictivos que se han suscitado en la zona norte de la entidad.<\/p>\n\n\n\n<p>Posterior a esa reuni\u00f3n que se realiz\u00f3 en las instalaciones de la Tercera Regi\u00f3n Naval ubicadas en la Plaza de la Rep\u00fablica el puerto de Veracruz, se traslad\u00f3 al municipio de Boca del R\u00edo, espec\u00edficamente al edificio que comparten el Instituto Veracruzano del Deporte y la Procuradur\u00eda de Medio Ambiente; cabe destacar que, para ambos eventos no se avis\u00f3 a los medios de comunicaci\u00f3n locales, como es una costumbre del actual administraci\u00f3n.<\/p>\n\n\n\n<p>En dicha reuni\u00f3n se aprovech\u00f3 para jalarle las orejas al director del IVD, Alberto Nava Lozano, debido a los constantes reclamos de entrenadores y atletas por falta de pago de becas y la negativa de recursos para sus competiciones nacionales e internacionales.<\/p>\n\n\n\n<p>La reuni\u00f3n se llev\u00f3 a cabo en el auditorio del IVD, y Cuitl\u00e1huac Garc\u00eda inform\u00f3 sobre los n\u00fameros en la actualidad del programa de prevenci\u00f3n de delito, y las modificaciones que ser\u00e1n para el curso 2024.<\/p>\n\n\n\n<p>Posteriormente, camino por el complejo deportivo &#8220;Leyes de Reforma&#8221; y se dirigi\u00f3 hacia la Arena Veracruz pr\u00f3xima a ser reinaugurada.<\/p>\n\n\n\n<p>Al final del tour lo realiz\u00f3 en las instalaciones del Bachillerato Tecnol\u00f3gico Deportivo con especialidad de b\u00e9isbol, el cual lleva un retraso de 4 meses pues se ten\u00eda que haber inaugurado en enero del 2023.<\/p>\n\n\n\n<p>En dicho espacio y tras recordar que el Gobierno Federal dispuso 147 millones de pesos para su construcci\u00f3n, el Ejecutivo Estatal dijo que a\u00fan falta por equipar el inmueble, aunque esto se estar\u00e1 realizando en las pr\u00f3ximas semanas.<\/p>\n","protected":false},"excerpt":{"rendered":"<p>Alejandro \u00c1vila Veracruz, Ver.- El gobernador Cuitl\u00e1huac Garc\u00eda Jim\u00e9nez, inform\u00f3 a trav\u00e9s de un video en redes sociales que, cinco elementos de la Polic\u00eda Municipal de Poza Rica fueron detenidos y ser\u00e1n investigados por presuntamente estar inmiscuidos en los hechos delictivos que se han suscitado en la zona norte de la entidad. Posterior a esa [&hellip;]<\/p>\n","protected":false},"author":2476,"featured_media":41065,"comment_status":"open","ping_status":"open","sticky":false,"template":"","format":"standard","meta":{"_jetpack_memberships_contains_paid_content":false,"footnotes":""},"categories":[2],"tags":[],"class_list":["post-41064","post","type-post","status-publish","format-standard","has-post-thumbnail","hentry","category-estado"],"jetpack_featured_media_url":"https:\/\/encuentroinformativo.com.mx\/wp-content\/uploads\/2023\/05\/IMG-20230523-WA00632.jpg","jetpack_sharing_enabled":true,"jetpack_likes_enabled":true,"amp_enabled":true,"_links":{"self":[{"href":"https:\/\/encuentroinformativo.com.mx\/index.php?rest_route=\/wp\/v2\/posts\/41064","targetHints":{"allow":["GET"]}}],"collection":[{"href":"https:\/\/encuentroinformativo.com.mx\/index.php?rest_route=\/wp\/v2\/posts"}],"about":[{"href":"https:\/\/encuentroinformativo.com.mx\/index.php?rest_route=\/wp\/v2\/types\/post"}],"author":[{"embeddable":true,"href":"https:\/\/encuentroinformativo.com.mx\/index.php?rest_route=\/wp\/v2\/users\/2476"}],"replies":[{"embeddable":true,"href":"https:\/\/encuentroinformativo.com.mx\/index.php?rest_route=%2Fwp%2Fv2%2Fcomments&post=41064"}],"version-history":[{"count":1,"href":"https:\/\/encuentroinformativo.com.mx\/index.php?rest_route=\/wp\/v2\/posts\/41064\/revisions"}],"predecessor-version":[{"id":41066,"href":"https:\/\/encuentroinformativo.com.mx\/index.php?rest_route=\/wp\/v2\/posts\/41064\/revisions\/41066"}],"wp:featuredmedia":[{"embeddable":true,"href":"https:\/\/encuentroinformativo.com.mx\/index.php?rest_route=\/wp\/v2\/media\/41065"}],"wp:attachment":[{"href":"https:\/\/encuentroinformativo.com.mx\/index.php?rest_route=%2Fwp%2Fv2%2Fmedia&parent=41064"}],"wp:term":[{"taxonomy":"category","embeddable":true,"href":"https:\/\/encuentroinformativo.com.mx\/index.php?rest_route=%2Fwp%2Fv2%2Fcategories&post=41064"},{"taxonomy":"post_tag","embeddable":true,"href":"https:\/\/encuentroinformativo.com.mx\/index.php?rest_route=%2Fwp%2Fv2%2Ftags&post=41064"}],"curies":[{"name":"wp","href":"https:\/\/api.w.org\/{rel}","templated":true}]}}