{"id":41074,"date":"2023-05-24T09:33:11","date_gmt":"2023-05-24T15:33:11","guid":{"rendered":"https:\/\/encuentroinformativo.com.mx\/?p=41074"},"modified":"2023-05-24T09:33:15","modified_gmt":"2023-05-24T15:33:15","slug":"el-sentido-figurado","status":"publish","type":"post","link":"https:\/\/encuentroinformativo.com.mx\/?p=41074","title":{"rendered":"EL SENTIDO FIGURADO"},"content":{"rendered":"\n<p><strong>Los Pol\u00edticos<\/strong><\/p>\n\n\n\n<p><strong>Salvador Mu\u00f1oz<\/strong><\/p>\n\n\n\n<p>Pongamos las cosas claras. Los ata\u00fades que llev\u00f3 el Gobernador de Veracruz a la Ciudad de M\u00e9xico, fueron \u201cen sentido figurado\u201d. Les guste o no a los de la Oposici\u00f3n, a los ciudadanos, a los Ministros, a los periodistas y columnistas.<\/p>\n\n\n\n<p>Pongamos las cosas claras. Los ata\u00fades donde lloran madres, padres, hijos, hijas, familiares v\u00edctimas de la inseguridad que reina en Veracruz, no son en sentido figurado: son reales.<\/p>\n\n\n\n<p>Tres puntos con respecto al primer p\u00e1rrafo:<\/p>\n\n\n\n<p>El primero: Se dice que \u201clos ata\u00fades los llev\u00f3 el Gobernador \u201d porque en el momento en que da su opini\u00f3n al respecto, asume que sab\u00eda el show que iba a protagonizar su secretario de Gobierno. Conste, y que tambi\u00e9n quede claro. No hablamos de Cuitl\u00e1huac Garc\u00eda Jim\u00e9nez ni de Eric Cisneros Burgos, sino del Gobernador y del secretario de Gobierno de Veracruz quienes dan lugar al segundo punto.<\/p>\n\n\n\n<p>El Segundo: La corta visi\u00f3n pol\u00edtica de estos dos funcionarios de Gobierno con respecto a su papel en la entidad que Gobierna Cuitl\u00e1huac Garc\u00eda Jim\u00e9nez, les hace pensar que Veracruz se da el lujo de descansar s\u00e1bados, domingos y d\u00edas festivos y por eso creen que pueden irse tranquilamente los fines de semana a hacer turismo electoral en el Estado de M\u00e9xico o hacer manifestaciones frente a la Suprema Corte de Justicia de la Naci\u00f3n en la Ciudad de M\u00e9xico, olvidando un ligero detalle\u2026 no dejan de ser ni Gobernador ni secretario de Gobierno as\u00ed est\u00e9n bailando salsa, paseando en moto, haciendo turismo electoral o cargando ata\u00fades en una manifestaci\u00f3n\u2026<\/p>\n\n\n\n<p>El tercer punto con respecto al \u201csentido figurado\u201d de Cuic. D\u00e9mosle por buena su idea. El lenguaje visual que se utiliza con la imagen de un ata\u00fad es tan similar a lo que uno quiera entender. \u00bfCu\u00e1l es el primer mensaje que se recibe si alguien env\u00eda a mi casa unas coronas de flores con mi nombre atravesado? Deje las coronas, \u00bfun ata\u00fad con mi retrato? \u00bfC\u00f3mo lo percibe el receptor? Mejor a\u00fan: \u00bfC\u00f3mo lo percibe la familia del receptor? \u00bfQu\u00e9 sentimiento le genera? Usted tiene su mejor respuesta.<\/p>\n\n\n\n<p>Emplear el \u201cSentido figurado\u201d es quiz\u00e1s lo m\u00e1s acertado en un personaje donde la realidad de lo que ocurre en la entidad le es completamente ajena\u2026 vive su propio Disney\u2026<\/p>\n\n\n\n<p>Una vez concentrados los tres puntos en torno a la pol\u00e9mica de los ata\u00fades con el retrato de la ministra presidenta de la SCJN, cerremos este caso con la endeble defensa que el Gobernador pretendi\u00f3 en sus redes, por el uso de los ata\u00fades en su manifestaci\u00f3n contra la SCJN, con una imagen de un f\u00e9retro con el logo del PRI, donde escribe lo siguiente:<\/p>\n\n\n\n<p>\u201cLa foto tomada en un mitin foxista\u2026 (cuando sol\u00edan enga\u00f1ar que el PAN y PRI eran distintos, hoy est\u00e1n juntitos).<\/p>\n\n\n\n<p>\u201cAqu\u00ed se ve claramente que Fox deseaba la muerte de Alito\u2026 jajaja.<\/p>\n\n\n\n<p>\u201cLos voceros de la derecha que maldefienden la SCinJN fingen amnesia.\u201d<\/p>\n\n\n\n<p>L\u00edneas arriba cit\u00e1bamos la visi\u00f3n corta, miope, obnubilida de personajes como Cuitl\u00e1huac Garc\u00eda. Ahora lo reiteramos con esa imagen del f\u00e9retro con el logo del PRI y para que lo entienda mejor:<\/p>\n\n\n\n<p>Pongamos las dos im\u00e1genes donde en una se ve \u201cmuerto al PRI\u201d y en la otra, \u201cmuerta la Ministra Presidenta\u201d&#8230; perciben la diferencia o para ser m\u00e1s claros, no es lo mismo \u201cMuera el PRI\u201d a que \u201cMuera Pi\u00f1a\u201d&#8230; el sentido figurado se desfigura, como el Gobierno de Cuitl\u00e1huac Garc\u00eda Jim\u00e9nez<\/p>\n","protected":false},"excerpt":{"rendered":"<p>Los Pol\u00edticos Salvador Mu\u00f1oz Pongamos las cosas claras. Los ata\u00fades que llev\u00f3 el Gobernador de Veracruz a la Ciudad de M\u00e9xico, fueron \u201cen sentido figurado\u201d. Les guste o no a los de la Oposici\u00f3n, a los ciudadanos, a los Ministros, a los periodistas y columnistas. Pongamos las cosas claras. Los ata\u00fades donde lloran madres, padres, [&hellip;]<\/p>\n","protected":false},"author":2476,"featured_media":387,"comment_status":"open","ping_status":"open","sticky":false,"template":"","format":"standard","meta":{"_jetpack_memberships_contains_paid_content":false,"footnotes":""},"categories":[11],"tags":[],"class_list":["post-41074","post","type-post","status-publish","format-standard","has-post-thumbnail","hentry","category-opinion"],"jetpack_featured_media_url":"https:\/\/encuentroinformativo.com.mx\/wp-content\/uploads\/2020\/03\/7CF8A22B-2764-47BE-8F7F-38FE9E5D6A2F.jpeg","jetpack_sharing_enabled":true,"jetpack_likes_enabled":true,"amp_enabled":true,"_links":{"self":[{"href":"https:\/\/encuentroinformativo.com.mx\/index.php?rest_route=\/wp\/v2\/posts\/41074","targetHints":{"allow":["GET"]}}],"collection":[{"href":"https:\/\/encuentroinformativo.com.mx\/index.php?rest_route=\/wp\/v2\/posts"}],"about":[{"href":"https:\/\/encuentroinformativo.com.mx\/index.php?rest_route=\/wp\/v2\/types\/post"}],"author":[{"embeddable":true,"href":"https:\/\/encuentroinformativo.com.mx\/index.php?rest_route=\/wp\/v2\/users\/2476"}],"replies":[{"embeddable":true,"href":"https:\/\/encuentroinformativo.com.mx\/index.php?rest_route=%2Fwp%2Fv2%2Fcomments&post=41074"}],"version-history":[{"count":1,"href":"https:\/\/encuentroinformativo.com.mx\/index.php?rest_route=\/wp\/v2\/posts\/41074\/revisions"}],"predecessor-version":[{"id":41075,"href":"https:\/\/encuentroinformativo.com.mx\/index.php?rest_route=\/wp\/v2\/posts\/41074\/revisions\/41075"}],"wp:featuredmedia":[{"embeddable":true,"href":"https:\/\/encuentroinformativo.com.mx\/index.php?rest_route=\/wp\/v2\/media\/387"}],"wp:attachment":[{"href":"https:\/\/encuentroinformativo.com.mx\/index.php?rest_route=%2Fwp%2Fv2%2Fmedia&parent=41074"}],"wp:term":[{"taxonomy":"category","embeddable":true,"href":"https:\/\/encuentroinformativo.com.mx\/index.php?rest_route=%2Fwp%2Fv2%2Fcategories&post=41074"},{"taxonomy":"post_tag","embeddable":true,"href":"https:\/\/encuentroinformativo.com.mx\/index.php?rest_route=%2Fwp%2Fv2%2Ftags&post=41074"}],"curies":[{"name":"wp","href":"https:\/\/api.w.org\/{rel}","templated":true}]}}