{"id":41087,"date":"2023-05-24T12:02:56","date_gmt":"2023-05-24T18:02:56","guid":{"rendered":"https:\/\/encuentroinformativo.com.mx\/?p=41087"},"modified":"2023-05-24T12:03:00","modified_gmt":"2023-05-24T18:03:00","slug":"congreso-realizara-consulta-para-mejorar-condiciones-de-personas-con-discapacidad","status":"publish","type":"post","link":"https:\/\/encuentroinformativo.com.mx\/?p=41087","title":{"rendered":"Congreso realizar\u00e1 consulta para mejorar condiciones de personas con discapacidad"},"content":{"rendered":"\n<p><strong>Alejandro \u00c1vila<\/strong><\/p>\n\n\n\n<p>Boca del R\u00edo, Ver.- La diputada local, Anil\u00fa Ingram Vallines, adelant\u00f3 que el pr\u00f3ximo viernes 26 de mayo se realizar\u00e1 en el Congreso de Veracruz una consulta ciudadana, con la finalidad de mejorar las condiciones de las personas con discapacidad.<\/p>\n\n\n\n<p>La presidenta de la comisi\u00f3n de Atenci\u00f3n a Grupos Vulnerables y Derechos Humanos, dijo que se estima que en Veracruz existe una poblaci\u00f3n de m\u00e1s de un mill\u00f3n y medio de personas con discapacidad.<\/p>\n\n\n\n<p>&#8220;Vamos a escuchar la manera de armar una agenda de la mano de ellos, una agenda que sea acorde a sus necesidades garantizando sus derechos, de pasar de un modelo rehabilitatorio a pasar a un modelo inclusivo en materia social, y hay mucho por hacer, se han dado pasos importantes pero a\u00fan as\u00ed hay mucha tarea por delante&#8221;, agreg\u00f3 Ingram Vallines.<\/p>\n\n\n\n<p>La priista puntualiz\u00f3 que en la Legislatura anterior se legisl\u00f3 en favor de las personas de talla baja; sin embargo, esta modificaci\u00f3n qued\u00f3 asentada como un trastorno, y al no ser esto algo correcto, la Suprema Corte de Justicia de la Naci\u00f3n (SCJN), solicit\u00f3 al Congreso de Veracruz hacer ciertas adecuaciones a la ley.<\/p>\n\n\n\n<p>&#8220;La Suprema Corte de Justicia de la Naci\u00f3n rebot\u00f3 esta reforma que se llev\u00f3 a cabo en la legislatura pasada y pidi\u00f3, exigi\u00f3 al Congreso de Veracruz llevar a cabo una consulta, justamente a las personas con discapacidad en este sentido&#8221;, subray\u00f3.<\/p>\n\n\n\n<p>En otro tema y para finalizar, la diputada jarocha, Anil\u00fa Ingram se dijo contenta de saber que 22 Congresos en la Rep\u00fablica Mexicana aprobaron la Ley Tres de Tres, por lo cual este mi\u00e9rcoles en el Congreso de la Uni\u00f3n se realizar\u00e1 la Reforma a la Constituci\u00f3n.<\/p>\n","protected":false},"excerpt":{"rendered":"<p>Alejandro \u00c1vila Boca del R\u00edo, Ver.- La diputada local, Anil\u00fa Ingram Vallines, adelant\u00f3 que el pr\u00f3ximo viernes 26 de mayo se realizar\u00e1 en el Congreso de Veracruz una consulta ciudadana, con la finalidad de mejorar las condiciones de las personas con discapacidad. La presidenta de la comisi\u00f3n de Atenci\u00f3n a Grupos Vulnerables y Derechos Humanos, [&hellip;]<\/p>\n","protected":false},"author":2476,"featured_media":41088,"comment_status":"open","ping_status":"open","sticky":false,"template":"","format":"standard","meta":{"_jetpack_memberships_contains_paid_content":false,"footnotes":""},"categories":[2],"tags":[],"class_list":["post-41087","post","type-post","status-publish","format-standard","has-post-thumbnail","hentry","category-estado"],"jetpack_featured_media_url":"https:\/\/encuentroinformativo.com.mx\/wp-content\/uploads\/2023\/05\/IMG-20230524-WA0040.jpg","jetpack_sharing_enabled":true,"jetpack_likes_enabled":true,"amp_enabled":true,"_links":{"self":[{"href":"https:\/\/encuentroinformativo.com.mx\/index.php?rest_route=\/wp\/v2\/posts\/41087","targetHints":{"allow":["GET"]}}],"collection":[{"href":"https:\/\/encuentroinformativo.com.mx\/index.php?rest_route=\/wp\/v2\/posts"}],"about":[{"href":"https:\/\/encuentroinformativo.com.mx\/index.php?rest_route=\/wp\/v2\/types\/post"}],"author":[{"embeddable":true,"href":"https:\/\/encuentroinformativo.com.mx\/index.php?rest_route=\/wp\/v2\/users\/2476"}],"replies":[{"embeddable":true,"href":"https:\/\/encuentroinformativo.com.mx\/index.php?rest_route=%2Fwp%2Fv2%2Fcomments&post=41087"}],"version-history":[{"count":1,"href":"https:\/\/encuentroinformativo.com.mx\/index.php?rest_route=\/wp\/v2\/posts\/41087\/revisions"}],"predecessor-version":[{"id":41089,"href":"https:\/\/encuentroinformativo.com.mx\/index.php?rest_route=\/wp\/v2\/posts\/41087\/revisions\/41089"}],"wp:featuredmedia":[{"embeddable":true,"href":"https:\/\/encuentroinformativo.com.mx\/index.php?rest_route=\/wp\/v2\/media\/41088"}],"wp:attachment":[{"href":"https:\/\/encuentroinformativo.com.mx\/index.php?rest_route=%2Fwp%2Fv2%2Fmedia&parent=41087"}],"wp:term":[{"taxonomy":"category","embeddable":true,"href":"https:\/\/encuentroinformativo.com.mx\/index.php?rest_route=%2Fwp%2Fv2%2Fcategories&post=41087"},{"taxonomy":"post_tag","embeddable":true,"href":"https:\/\/encuentroinformativo.com.mx\/index.php?rest_route=%2Fwp%2Fv2%2Ftags&post=41087"}],"curies":[{"name":"wp","href":"https:\/\/api.w.org\/{rel}","templated":true}]}}