{"id":41090,"date":"2023-05-24T12:20:37","date_gmt":"2023-05-24T18:20:37","guid":{"rendered":"https:\/\/encuentroinformativo.com.mx\/?p=41090"},"modified":"2023-05-24T12:20:41","modified_gmt":"2023-05-24T18:20:41","slug":"presentan-cartelera-musical-para-carnaval-de-veracruz","status":"publish","type":"post","link":"https:\/\/encuentroinformativo.com.mx\/?p=41090","title":{"rendered":"Presentan cartelera musical para Carnaval de Veracruz"},"content":{"rendered":"\n<p><strong>Alejandro \u00c1vila<\/strong><\/p>\n\n\n\n<p>Veracruz, Ver.- La alcaldesa, Patricia Lobeira Rodr\u00edguez, anunci\u00f3 este mi\u00e9rcoles 24 de mayo los artistas que estar\u00e1n participando en los eventos masivos del Carnaval de Veracruz 2023.<\/p>\n\n\n\n<p>El viernes 30 de junio se presentar\u00e1 el reguetonero puertorrique\u00f1o, Guayna; el s\u00e1bado 1 de julio, los artistas pop, Lucero y Mijares; mientras que el domingo 2 de julio, la banda mexicana de rock, Caf\u00e9 Tacvba.<\/p>\n\n\n\n<p>La alcaldesa de Veracruz aclar\u00f3 que los conciertos masivos se llevar\u00e1n a cabo en la Macroplaza del Malec\u00f3n de Veracruz, al tiempo que dijo, el recurso para contratar a los artistas fue 100 por ciento municipal.<\/p>\n\n\n\n<p>&#8220;En el Ayuntamiento de Veracruz hicimos un esfuerzo significativo para que con recursos 100 por ciento municipales vivamos tres noches de fiesta, con artistas de una gran pluralidad musical para todos los gustos (\u2026) todos los conciertos ser\u00e1n totalmente gratuitos y se realizar\u00e1n en la Macroplaza del Malec\u00f3n a las 10 de la noche, y estoy segura que ser\u00e1n todo un \u00e9xito porque es una gran cartelera&#8221;, destac\u00f3 la presidenta municipal.<\/p>\n\n\n\n<p>Patricia Lobeira Rodr\u00edguez dijo que en pr\u00f3ximos d\u00edas se completar\u00e1 la cartelera art\u00edstica para la semana de Carnaval que inicia el 29 de junio y termina el 5 de julio; pues se tienen previstos eventos en el z\u00f3calo y los callejones de la ciudad de Veracruz.<\/p>\n","protected":false},"excerpt":{"rendered":"<p>Alejandro \u00c1vila Veracruz, Ver.- La alcaldesa, Patricia Lobeira Rodr\u00edguez, anunci\u00f3 este mi\u00e9rcoles 24 de mayo los artistas que estar\u00e1n participando en los eventos masivos del Carnaval de Veracruz 2023. El viernes 30 de junio se presentar\u00e1 el reguetonero puertorrique\u00f1o, Guayna; el s\u00e1bado 1 de julio, los artistas pop, Lucero y Mijares; mientras que el domingo [&hellip;]<\/p>\n","protected":false},"author":2476,"featured_media":41091,"comment_status":"open","ping_status":"open","sticky":false,"template":"","format":"standard","meta":{"_jetpack_memberships_contains_paid_content":false,"footnotes":""},"categories":[2],"tags":[],"class_list":["post-41090","post","type-post","status-publish","format-standard","has-post-thumbnail","hentry","category-estado"],"jetpack_featured_media_url":"https:\/\/encuentroinformativo.com.mx\/wp-content\/uploads\/2023\/05\/IMG-20230524-WA0041.jpg","jetpack_sharing_enabled":true,"jetpack_likes_enabled":true,"amp_enabled":true,"_links":{"self":[{"href":"https:\/\/encuentroinformativo.com.mx\/index.php?rest_route=\/wp\/v2\/posts\/41090","targetHints":{"allow":["GET"]}}],"collection":[{"href":"https:\/\/encuentroinformativo.com.mx\/index.php?rest_route=\/wp\/v2\/posts"}],"about":[{"href":"https:\/\/encuentroinformativo.com.mx\/index.php?rest_route=\/wp\/v2\/types\/post"}],"author":[{"embeddable":true,"href":"https:\/\/encuentroinformativo.com.mx\/index.php?rest_route=\/wp\/v2\/users\/2476"}],"replies":[{"embeddable":true,"href":"https:\/\/encuentroinformativo.com.mx\/index.php?rest_route=%2Fwp%2Fv2%2Fcomments&post=41090"}],"version-history":[{"count":1,"href":"https:\/\/encuentroinformativo.com.mx\/index.php?rest_route=\/wp\/v2\/posts\/41090\/revisions"}],"predecessor-version":[{"id":41092,"href":"https:\/\/encuentroinformativo.com.mx\/index.php?rest_route=\/wp\/v2\/posts\/41090\/revisions\/41092"}],"wp:featuredmedia":[{"embeddable":true,"href":"https:\/\/encuentroinformativo.com.mx\/index.php?rest_route=\/wp\/v2\/media\/41091"}],"wp:attachment":[{"href":"https:\/\/encuentroinformativo.com.mx\/index.php?rest_route=%2Fwp%2Fv2%2Fmedia&parent=41090"}],"wp:term":[{"taxonomy":"category","embeddable":true,"href":"https:\/\/encuentroinformativo.com.mx\/index.php?rest_route=%2Fwp%2Fv2%2Fcategories&post=41090"},{"taxonomy":"post_tag","embeddable":true,"href":"https:\/\/encuentroinformativo.com.mx\/index.php?rest_route=%2Fwp%2Fv2%2Ftags&post=41090"}],"curies":[{"name":"wp","href":"https:\/\/api.w.org\/{rel}","templated":true}]}}