{"id":41106,"date":"2023-05-24T14:39:45","date_gmt":"2023-05-24T20:39:45","guid":{"rendered":"https:\/\/encuentroinformativo.com.mx\/?p=41106"},"modified":"2023-05-24T14:39:56","modified_gmt":"2023-05-24T20:39:56","slug":"invitan-al-registro-de-espacios-y-agentes-culturales","status":"publish","type":"post","link":"https:\/\/encuentroinformativo.com.mx\/?p=41106","title":{"rendered":"Invitan al registro de espacios y agentes culturales"},"content":{"rendered":"\n<p><strong>Dar\u00edo Pale <\/strong><\/p>\n\n\n\n<p>Xalapa, Ver.- Llaman a participar en el Registro Nacional de Espacios, Pr\u00e1cticas y Agentes Culturales el objetivo es crear un mapeo de agentes culturales, as\u00ed lo inform\u00f3 Ir\u00e1n Soto Campos, promotora de desarrollo cultural comunitario para la Secretar\u00eda de Cultura.<\/p>\n\n\n\n<p>En conferencia de prensa invit\u00f3 a la comunidad art\u00edstica y del sector cultural a participar en TELAR, Registro Nacional de Espacios, Pr\u00e1cticas y Agentes Culturales, indic\u00f3 que el Registro Nacional de Agentes Culturales funge como una red social para agentes y organizaciones culturales, con el objetivo de tejer redes de trabajo en todo el pa\u00eds.<\/p>\n\n\n\n<p>&#8220;S\u00famate a esta plataforma digital y conoce gente, convocatorias y noticias referentes a tu pr\u00e1cticas art\u00edstica cultural&#8221;, se\u00f1al\u00f3.<\/p>\n\n\n\n<p>Asimismo, coment\u00f3 que personal en territorio de la Secretar\u00eda de Cultura Federal en Xalapa estar\u00e1 implementando jornadas de registro para todas las personas interesadas en ser parte del Registro Nacional de Espacios, Pr\u00e1cticas y Agentes Culturales.<\/p>\n\n\n\n<p>&#8220;El objetivo del Registro Telar es crear un mapeo de agentes culturales que participan en alguna de las etapas del ciclo cultural: creaci\u00f3n, producci\u00f3n, exhibici\u00f3n y transmisi\u00f3n, procesos de preservaci\u00f3n, documentaci\u00f3n, formaci\u00f3n y capacitaci\u00f3n&#8221;, se\u00f1al\u00f3.<\/p>\n\n\n\n<p>Por ello, dijo que si alguien forma parte de este ciclo cultural, lo invitan a registrarse, pues con la informaci\u00f3n recopilada se podr\u00e1n dise\u00f1ar acciones y programas enfocados en la producci\u00f3n cultural y el fortalecimiento de los ciclos culturales desde lo local.\u00a0<\/p>\n\n\n\n<p>Los interesados en ser parte de esta red, solo necesitan la CURP, un correo electr\u00f3nico y responder al formulario. Acudir a las jornadas de registro:<\/p>\n\n\n\n<p>-Viernes 26 de mayo de 19:00 a 20:00 horas en La Tasca del Cantor, Calle Xicotencatl #76 Zona Centro.\u00a0<\/p>\n\n\n\n<p>Finalmente dieron a conocer que el mi\u00e9rcoles 7 y jueves 8 de junio en el Centro Recreativo Xalape\u00f1o. Xalape\u00f1os Ilustres #31. Zona Centro en horario de 11:00 a 15:00 y 17:00 a 20:00 horas, mayores informes al tel\u00e9fono \u202a22 81 87 77 00\u202c.<\/p>\n","protected":false},"excerpt":{"rendered":"<p>Dar\u00edo Pale Xalapa, Ver.- Llaman a participar en el Registro Nacional de Espacios, Pr\u00e1cticas y Agentes Culturales el objetivo es crear un mapeo de agentes culturales, as\u00ed lo inform\u00f3 Ir\u00e1n Soto Campos, promotora de desarrollo cultural comunitario para la Secretar\u00eda de Cultura. En conferencia de prensa invit\u00f3 a la comunidad art\u00edstica y del sector cultural [&hellip;]<\/p>\n","protected":false},"author":2476,"featured_media":41107,"comment_status":"open","ping_status":"open","sticky":false,"template":"","format":"standard","meta":{"_jetpack_memberships_contains_paid_content":false,"footnotes":""},"categories":[3],"tags":[],"class_list":["post-41106","post","type-post","status-publish","format-standard","has-post-thumbnail","hentry","category-xalapa"],"jetpack_featured_media_url":"https:\/\/encuentroinformativo.com.mx\/wp-content\/uploads\/2023\/05\/IMG-20230524-WA0056.jpg","jetpack_sharing_enabled":true,"jetpack_likes_enabled":true,"amp_enabled":true,"_links":{"self":[{"href":"https:\/\/encuentroinformativo.com.mx\/index.php?rest_route=\/wp\/v2\/posts\/41106","targetHints":{"allow":["GET"]}}],"collection":[{"href":"https:\/\/encuentroinformativo.com.mx\/index.php?rest_route=\/wp\/v2\/posts"}],"about":[{"href":"https:\/\/encuentroinformativo.com.mx\/index.php?rest_route=\/wp\/v2\/types\/post"}],"author":[{"embeddable":true,"href":"https:\/\/encuentroinformativo.com.mx\/index.php?rest_route=\/wp\/v2\/users\/2476"}],"replies":[{"embeddable":true,"href":"https:\/\/encuentroinformativo.com.mx\/index.php?rest_route=%2Fwp%2Fv2%2Fcomments&post=41106"}],"version-history":[{"count":1,"href":"https:\/\/encuentroinformativo.com.mx\/index.php?rest_route=\/wp\/v2\/posts\/41106\/revisions"}],"predecessor-version":[{"id":41108,"href":"https:\/\/encuentroinformativo.com.mx\/index.php?rest_route=\/wp\/v2\/posts\/41106\/revisions\/41108"}],"wp:featuredmedia":[{"embeddable":true,"href":"https:\/\/encuentroinformativo.com.mx\/index.php?rest_route=\/wp\/v2\/media\/41107"}],"wp:attachment":[{"href":"https:\/\/encuentroinformativo.com.mx\/index.php?rest_route=%2Fwp%2Fv2%2Fmedia&parent=41106"}],"wp:term":[{"taxonomy":"category","embeddable":true,"href":"https:\/\/encuentroinformativo.com.mx\/index.php?rest_route=%2Fwp%2Fv2%2Fcategories&post=41106"},{"taxonomy":"post_tag","embeddable":true,"href":"https:\/\/encuentroinformativo.com.mx\/index.php?rest_route=%2Fwp%2Fv2%2Ftags&post=41106"}],"curies":[{"name":"wp","href":"https:\/\/api.w.org\/{rel}","templated":true}]}}