{"id":41109,"date":"2023-05-24T14:47:12","date_gmt":"2023-05-24T20:47:12","guid":{"rendered":"https:\/\/encuentroinformativo.com.mx\/?p=41109"},"modified":"2023-05-24T17:28:12","modified_gmt":"2023-05-24T23:28:12","slug":"presenta-ine-agenda-de-resultados-de-consulta-infantil","status":"publish","type":"post","link":"https:\/\/encuentroinformativo.com.mx\/?p=41109","title":{"rendered":"Presenta INE Agenda de Resultados de Consulta Infantil"},"content":{"rendered":"\n<p><strong>Dar\u00edo Pale <\/strong><\/p>\n\n\n\n<p>Xalapa, Ver.- El vocal ejecutivo de la Junta Local del Instituto Nacional Electoral (INE), Josu\u00e9 Cervantes Mart\u00ednez, dio a conocer que a los menores de edad les preocupan temas como \u00a0la violencia contra las mujeres, el maltrato infantil, el acoso escolar, el embarazo en adolescentes y el cuidado del planeta y medio ambiente.<\/p>\n\n\n\n<p>En conferencia de prensa se\u00f1al\u00f3 que parte de los resultados de la Consulta Infantil y Juvenil 2021, se deben realizar las reformas necesarias con el objetivo de prevenir la violencia de padres y madres hacia las y los ni\u00f1os con fines correctivos.<\/p>\n\n\n\n<p>Por lo que como resultado se propuso realizar un an\u00e1lisis a nivel entidad de la ley 104 para la asistencia y prevenci\u00f3n de la violencia familiar.<\/p>\n\n\n\n<p>&#8220;Los resultados proporcionados por las nueve ediciones de la Consulta Infantil y Juvenil constituyen un llamado a la reflexi\u00f3n sobre la opini\u00f3n que ni\u00f1as, ni\u00f1os y adolescentes han depositado con un voto de confianza al Instituto Nacional Electoral y las Instituciones aliadas estrat\u00e9gicas&#8221;, inform\u00f3.<\/p>\n\n\n\n<p>Tambi\u00e9n reforzar la importancia del departamento de psicopedagog\u00eda en los planteles educativos y promover valores para la sana convivencia entre ni\u00f1as, ni\u00f1os y adolescentes y adultos.<\/p>\n\n\n\n<p>\u201cSe propone realizar un an\u00e1lisis a nivel entidad de la ley 104 para la asistencia y prevenci\u00f3n de la violencia familiar y realizar las reformas necesarias con el objetivo de prevenir la violencia de padres y madres hacia las y los ni\u00f1os con fines correctivos\u201d, coment\u00f3.<\/p>\n\n\n\n<p>Indic\u00f3 que se plante\u00f3 contar con pl\u00e1ticas, talleres, cursos, charlas, pero, sobre todo, incluir actividades din\u00e1micas que puedan ser revisadas por diversos p\u00fablicos objetivos como padres y madres de familia y servidores p\u00fablicos.<\/p>\n\n\n\n<p>\u201cComo docentes, servidoras y servidoras p\u00fablicos, instituciones p\u00fablicas y privadas, mediante la utilizaci\u00f3n de herramientas y plataformas tecnol\u00f3gicas que permitan atender las preocupaciones manifestadas\u201d, se\u00f1al\u00f3.<\/p>\n\n\n\n<p>&#8220;Es tiempo de corresponder a esa confianza mediante la instrumentaci\u00f3n de acciones que generen pol\u00edticas p\u00fablicas enfocadas a la atenci\u00f3n y ejercicio de los derechos de ni\u00f1as, ni\u00f1os y adolescentes, que involucren a diversas instituciones del Estado, as\u00ed como a la sociedad en su conjunto&#8221;, agreg\u00f3.<\/p>\n\n\n\n<p>&#8220;De tal forma que genere acciones que permitan a un adolescente sentirse seguro al caminar por la calle; y que el hogar constituya el espacio que toda ni\u00f1a y todo ni\u00f1o merece para vivir en armon\u00eda; entre otros muchos efectos positivos que podemos y debemos empezar a provocar desde ya&#8221;, dijo en la conferencia.<\/p>\n\n\n\n<p>Finalmente dijo que convencido de que con su participaci\u00f3n y compromiso se cumplir\u00e1n los objetivos establecidos en la agenda, propiciando que ni\u00f1as, ni\u00f1os y adolescentes cuentes con espacios escolares de tolerancia, inclusi\u00f3n y respeto; y celebro la entusiasta participaci\u00f3n de las y los dem\u00e1s integrantes del Grupo Coordinador Institucional.<\/p>\n\n\n\n<figure class=\"wp-block-image size-large\"><img loading=\"lazy\" decoding=\"async\" width=\"1024\" height=\"683\" src=\"https:\/\/encuentroinformativo.com.mx\/wp-content\/uploads\/2023\/05\/Photo_1684961018255-1024x683.jpg\" alt=\"\" class=\"wp-image-41111\" srcset=\"https:\/\/encuentroinformativo.com.mx\/wp-content\/uploads\/2023\/05\/Photo_1684961018255-1024x683.jpg 1024w, https:\/\/encuentroinformativo.com.mx\/wp-content\/uploads\/2023\/05\/Photo_1684961018255-300x200.jpg 300w, https:\/\/encuentroinformativo.com.mx\/wp-content\/uploads\/2023\/05\/Photo_1684961018255-768x512.jpg 768w, https:\/\/encuentroinformativo.com.mx\/wp-content\/uploads\/2023\/05\/Photo_1684961018255-1536x1024.jpg 1536w, https:\/\/encuentroinformativo.com.mx\/wp-content\/uploads\/2023\/05\/Photo_1684961018255.jpg 1968w\" sizes=\"auto, (max-width: 1024px) 100vw, 1024px\" \/><\/figure>\n","protected":false},"excerpt":{"rendered":"<p>Dar\u00edo Pale Xalapa, Ver.- El vocal ejecutivo de la Junta Local del Instituto Nacional Electoral (INE), Josu\u00e9 Cervantes Mart\u00ednez, dio a conocer que a los menores de edad les preocupan temas como \u00a0la violencia contra las mujeres, el maltrato infantil, el acoso escolar, el embarazo en adolescentes y el cuidado del planeta y medio ambiente. [&hellip;]<\/p>\n","protected":false},"author":2476,"featured_media":41110,"comment_status":"open","ping_status":"open","sticky":false,"template":"","format":"standard","meta":{"_jetpack_memberships_contains_paid_content":false,"footnotes":""},"categories":[2],"tags":[],"class_list":["post-41109","post","type-post","status-publish","format-standard","has-post-thumbnail","hentry","category-estado"],"jetpack_featured_media_url":"https:\/\/encuentroinformativo.com.mx\/wp-content\/uploads\/2023\/05\/Photo_1684960981556.jpg","jetpack_sharing_enabled":true,"jetpack_likes_enabled":true,"amp_enabled":true,"_links":{"self":[{"href":"https:\/\/encuentroinformativo.com.mx\/index.php?rest_route=\/wp\/v2\/posts\/41109","targetHints":{"allow":["GET"]}}],"collection":[{"href":"https:\/\/encuentroinformativo.com.mx\/index.php?rest_route=\/wp\/v2\/posts"}],"about":[{"href":"https:\/\/encuentroinformativo.com.mx\/index.php?rest_route=\/wp\/v2\/types\/post"}],"author":[{"embeddable":true,"href":"https:\/\/encuentroinformativo.com.mx\/index.php?rest_route=\/wp\/v2\/users\/2476"}],"replies":[{"embeddable":true,"href":"https:\/\/encuentroinformativo.com.mx\/index.php?rest_route=%2Fwp%2Fv2%2Fcomments&post=41109"}],"version-history":[{"count":2,"href":"https:\/\/encuentroinformativo.com.mx\/index.php?rest_route=\/wp\/v2\/posts\/41109\/revisions"}],"predecessor-version":[{"id":41131,"href":"https:\/\/encuentroinformativo.com.mx\/index.php?rest_route=\/wp\/v2\/posts\/41109\/revisions\/41131"}],"wp:featuredmedia":[{"embeddable":true,"href":"https:\/\/encuentroinformativo.com.mx\/index.php?rest_route=\/wp\/v2\/media\/41110"}],"wp:attachment":[{"href":"https:\/\/encuentroinformativo.com.mx\/index.php?rest_route=%2Fwp%2Fv2%2Fmedia&parent=41109"}],"wp:term":[{"taxonomy":"category","embeddable":true,"href":"https:\/\/encuentroinformativo.com.mx\/index.php?rest_route=%2Fwp%2Fv2%2Fcategories&post=41109"},{"taxonomy":"post_tag","embeddable":true,"href":"https:\/\/encuentroinformativo.com.mx\/index.php?rest_route=%2Fwp%2Fv2%2Ftags&post=41109"}],"curies":[{"name":"wp","href":"https:\/\/api.w.org\/{rel}","templated":true}]}}