{"id":41138,"date":"2023-05-24T19:25:49","date_gmt":"2023-05-25T01:25:49","guid":{"rendered":"https:\/\/encuentroinformativo.com.mx\/?p=41138"},"modified":"2023-05-24T19:25:53","modified_gmt":"2023-05-25T01:25:53","slug":"invita-alcalde-jm-unanue-a-participar-en-el-cabildo-joven-de-boca-del-rio","status":"publish","type":"post","link":"https:\/\/encuentroinformativo.com.mx\/?p=41138","title":{"rendered":"Invita Alcalde JM Un\u00e1nue a participar en el \u201cCabildo Joven\u201d de Boca del R\u00edo"},"content":{"rendered":"\n<p>Boca del R\u00edo, Ver.- El Ayuntamiento de Boca del R\u00edo a trav\u00e9s de la Direcci\u00f3n de Juventud y Emprendimiento y la Regidur\u00eda Tercera, invitan a participar en el programa \u201cCabildo Joven\u201d que se llevar\u00e1 a cabo el 16 de junio en la sala de cabildo.<\/p>\n\n\n\n<p>A decir del Alcalde, Juan Manuel Un\u00e1nue Abascal, coment\u00f3 que el objetivo es dar a conocer las propuestas y puntos de vista de j\u00f3venes de 16 a 29 a\u00f1os en busca de mejorar su entorno comunitario.<\/p>\n\n\n\n<p>\u201cLa idea de este ejercicio es fomentar la participaci\u00f3n de los j\u00f3venes en la construcci\u00f3n y desarrollo de las pol\u00edticas en materia de juventud, adem\u00e1s de otorgarles la oportunidad para que conozcan de primera mano las funciones de los servidores p\u00fablicos entre otros temas\u201d, explic\u00f3.<\/p>\n\n\n\n<p>Adem\u00e1s agreg\u00f3 que es una oportunidad de que conozcan el c\u00f3mo labora el cuerpo colegiado edilicio, que es integrado por el Alcalde, S\u00edndica y Regidores.<\/p>\n\n\n\n<p>Los ejes tem\u00e1ticos ser\u00e1n: Juventud, Desarrollo Econ\u00f3mico, Compromiso Social y Valores, as\u00ed como tambi\u00e9n Cultura, Salud, Deporte, Educaci\u00f3n, Agua y Emprendimiento.<\/p>\n\n\n\n<p>Todos los aspirantes que quieran participar deber\u00e1n presentar los siguientes requisitos: ser residente del municipio de Boca del R\u00edo y contar con la edad de 16 a 29 a\u00f1os.<\/p>\n\n\n\n<p>Identificaci\u00f3n oficial vigente, y en caso de ser menor de edad, presentar una carta de autorizaci\u00f3n firmada por sus padres o tutor, as\u00ed como un comprobante de domicilio que corresponda al municipio.<\/p>\n\n\n\n<p>Presentar Curr\u00edculum Vitae actualizado, hacer una presentaci\u00f3n basada en cualquiera de los ejes tem\u00e1ticos que contenga material bibliogr\u00e1fico y multimedia. La presentaci\u00f3n debe de cumplir en su contenido con la informaci\u00f3n que acredite y de convencimiento de querer participar en el \u201cCabildo Joven\u201d.<\/p>\n\n\n\n<p>Se solicita una carta de recomendaci\u00f3n y muy importante, completar el formulario de registro digital. La recepci\u00f3n de la documentaci\u00f3n ser\u00e1 del 17 al 26 de mayo, y el lapso de revisi\u00f3n del 29 al 03 de junio, mientras que la publicaci\u00f3n de seleccionados ser\u00e1 el 5 de junio.<\/p>\n\n\n\n<p>Los aspirantes tendr\u00e1n que entregar los requerimientos en la Direcci\u00f3n de Atenci\u00f3n Ciudadana, la cual se encuentra al interior del Palacio Municipal en horario de 9:00 a 15 horas de lunes a viernes.<\/p>\n\n\n\n<figure class=\"wp-block-image size-large\"><img loading=\"lazy\" decoding=\"async\" width=\"1024\" height=\"1024\" src=\"https:\/\/encuentroinformativo.com.mx\/wp-content\/uploads\/2023\/05\/IMG-20230524-WA0127-1024x1024.jpg\" alt=\"\" class=\"wp-image-41140\" srcset=\"https:\/\/encuentroinformativo.com.mx\/wp-content\/uploads\/2023\/05\/IMG-20230524-WA0127-1024x1024.jpg 1024w, https:\/\/encuentroinformativo.com.mx\/wp-content\/uploads\/2023\/05\/IMG-20230524-WA0127-300x300.jpg 300w, https:\/\/encuentroinformativo.com.mx\/wp-content\/uploads\/2023\/05\/IMG-20230524-WA0127-150x150.jpg 150w, https:\/\/encuentroinformativo.com.mx\/wp-content\/uploads\/2023\/05\/IMG-20230524-WA0127-768x768.jpg 768w, https:\/\/encuentroinformativo.com.mx\/wp-content\/uploads\/2023\/05\/IMG-20230524-WA0127.jpg 1280w\" sizes=\"auto, (max-width: 1024px) 100vw, 1024px\" \/><\/figure>\n","protected":false},"excerpt":{"rendered":"<p>Boca del R\u00edo, Ver.- El Ayuntamiento de Boca del R\u00edo a trav\u00e9s de la Direcci\u00f3n de Juventud y Emprendimiento y la Regidur\u00eda Tercera, invitan a participar en el programa \u201cCabildo Joven\u201d que se llevar\u00e1 a cabo el 16 de junio en la sala de cabildo. A decir del Alcalde, Juan Manuel Un\u00e1nue Abascal, coment\u00f3 que [&hellip;]<\/p>\n","protected":false},"author":2476,"featured_media":41139,"comment_status":"open","ping_status":"open","sticky":false,"template":"","format":"standard","meta":{"_jetpack_memberships_contains_paid_content":false,"footnotes":""},"categories":[2],"tags":[],"class_list":["post-41138","post","type-post","status-publish","format-standard","has-post-thumbnail","hentry","category-estado"],"jetpack_featured_media_url":"https:\/\/encuentroinformativo.com.mx\/wp-content\/uploads\/2023\/05\/IMG-20230524-WA0126.jpg","jetpack_sharing_enabled":true,"jetpack_likes_enabled":true,"amp_enabled":true,"_links":{"self":[{"href":"https:\/\/encuentroinformativo.com.mx\/index.php?rest_route=\/wp\/v2\/posts\/41138","targetHints":{"allow":["GET"]}}],"collection":[{"href":"https:\/\/encuentroinformativo.com.mx\/index.php?rest_route=\/wp\/v2\/posts"}],"about":[{"href":"https:\/\/encuentroinformativo.com.mx\/index.php?rest_route=\/wp\/v2\/types\/post"}],"author":[{"embeddable":true,"href":"https:\/\/encuentroinformativo.com.mx\/index.php?rest_route=\/wp\/v2\/users\/2476"}],"replies":[{"embeddable":true,"href":"https:\/\/encuentroinformativo.com.mx\/index.php?rest_route=%2Fwp%2Fv2%2Fcomments&post=41138"}],"version-history":[{"count":1,"href":"https:\/\/encuentroinformativo.com.mx\/index.php?rest_route=\/wp\/v2\/posts\/41138\/revisions"}],"predecessor-version":[{"id":41141,"href":"https:\/\/encuentroinformativo.com.mx\/index.php?rest_route=\/wp\/v2\/posts\/41138\/revisions\/41141"}],"wp:featuredmedia":[{"embeddable":true,"href":"https:\/\/encuentroinformativo.com.mx\/index.php?rest_route=\/wp\/v2\/media\/41139"}],"wp:attachment":[{"href":"https:\/\/encuentroinformativo.com.mx\/index.php?rest_route=%2Fwp%2Fv2%2Fmedia&parent=41138"}],"wp:term":[{"taxonomy":"category","embeddable":true,"href":"https:\/\/encuentroinformativo.com.mx\/index.php?rest_route=%2Fwp%2Fv2%2Fcategories&post=41138"},{"taxonomy":"post_tag","embeddable":true,"href":"https:\/\/encuentroinformativo.com.mx\/index.php?rest_route=%2Fwp%2Fv2%2Ftags&post=41138"}],"curies":[{"name":"wp","href":"https:\/\/api.w.org\/{rel}","templated":true}]}}