{"id":41162,"date":"2023-05-25T11:48:27","date_gmt":"2023-05-25T17:48:27","guid":{"rendered":"https:\/\/encuentroinformativo.com.mx\/?p=41162"},"modified":"2023-05-25T11:48:32","modified_gmt":"2023-05-25T17:48:32","slug":"sindicato-toma-escuela-experimental-denuncian-acoso-laboral","status":"publish","type":"post","link":"https:\/\/encuentroinformativo.com.mx\/?p=41162","title":{"rendered":"Sindicato toma escuela &#8220;Experimental&#8221; denuncian acoso laboral"},"content":{"rendered":"\n<p><strong>Juan Arcos <\/strong><\/p>\n\n\n\n<p>Xalapa, Ver.- Integrantes del Sindicato Magisterial Veracruzano (SMV) protestaron y tomaron la escuela secundaria y de bachilleres \u201cExperimental\u201d en esta ciudad de Xalapa para denunciar que se han registrado casos de acoso laboral y qu\u00e9 hay decenas de \u201caviadores\u201d.<\/p>\n\n\n\n<p>Los quejosos colocaron lonas y pancartas sobre la entrada principal, para solicitar la presencia de las autoridades educativas.<\/p>\n\n\n\n<p>&#8220;Exigimos la presencia de las autoridades competentes, estamos hartos de que violenten nuestros derechos laborales, basta a la imposici\u00f3n\u201d, se le\u00eda en algunos de sus mensajes.<\/p>\n\n\n\n<p>De acuerdo con Ram\u00f3n Dom\u00ednguez Polo, secretario general del SMV, la subdirectora de la secundaria, Lidia Adriana Ramos Maldonado, ha acosado laboralmente a los agremiados de la organizaci\u00f3n sindical mencionada.<\/p>\n\n\n\n<p>\u201cDespu\u00e9s de haber hablado con la supervisora en varias ocasiones sigue haciendo el acoso laboral, diciendo: si te unes a mi equipo vas a tener privilegios, si no te unes ya sabes qu\u00e9 te toca\u201d, expres\u00f3.<\/p>\n\n\n\n<p>Hay docentes que laboran como administrativos, pero tambi\u00e9n personal del \u00e1rea administrativa que est\u00e1 dando clases a los estudiantes.<\/p>\n\n\n\n<p>\u201cEs un relajo. La escuela lleva m\u00e1s de un a\u00f1o sin director, que se nombre un encargado para equilibrar la situaci\u00f3n, porque la subdirectora hizo nombramientos de palabra y se hizo un relajo\u201d.<\/p>\n\n\n\n<p>Los quejosos solicitaron a las autoridades estatales que sea nombrada urgentemente una persona como director o directora de la escuela, pues llevan m\u00e1s de un a\u00f1o sin alguien al frente de ese cargo y ha habido diversas irregularidades.<\/p>\n\n\n\n<p>El entrevistado mencion\u00f3 que la Subdirectora, el Supervisor Escolar y la Subdirecci\u00f3n de Escuelas Estatales tienen conocimiento de que hay personas que cobran sin trabajar y no han procedido al respecto.<\/p>\n\n\n\n<p>\u201cLo que me molesta es que hay decenas de aviadores. Quieren presionar a la gente porque pide permiso o sale temprano y los aviadores son intocables, cu\u00e1ndo piensan cortarles el pago, cu\u00e1ndo piensan exhibirlos\u201d, refiri\u00f3.<\/p>\n\n\n\n<p>La escuela se encuentra sobre la calle Juan Escutia n\u00famero 2, en la colonia Revoluci\u00f3n de esta ciudad de Xalapa.<\/p>\n\n\n\n<figure class=\"wp-block-image size-large\"><img loading=\"lazy\" decoding=\"async\" width=\"1024\" height=\"768\" src=\"https:\/\/encuentroinformativo.com.mx\/wp-content\/uploads\/2023\/05\/a94cdd40-9447-4646-9a3a-a9362038af7b-1024x768.jpg\" alt=\"\" class=\"wp-image-41164\" srcset=\"https:\/\/encuentroinformativo.com.mx\/wp-content\/uploads\/2023\/05\/a94cdd40-9447-4646-9a3a-a9362038af7b-1024x768.jpg 1024w, https:\/\/encuentroinformativo.com.mx\/wp-content\/uploads\/2023\/05\/a94cdd40-9447-4646-9a3a-a9362038af7b-300x225.jpg 300w, https:\/\/encuentroinformativo.com.mx\/wp-content\/uploads\/2023\/05\/a94cdd40-9447-4646-9a3a-a9362038af7b-768x576.jpg 768w, https:\/\/encuentroinformativo.com.mx\/wp-content\/uploads\/2023\/05\/a94cdd40-9447-4646-9a3a-a9362038af7b-1536x1152.jpg 1536w, https:\/\/encuentroinformativo.com.mx\/wp-content\/uploads\/2023\/05\/a94cdd40-9447-4646-9a3a-a9362038af7b.jpg 1600w\" sizes=\"auto, (max-width: 1024px) 100vw, 1024px\" \/><\/figure>\n","protected":false},"excerpt":{"rendered":"<p>Juan Arcos Xalapa, Ver.- Integrantes del Sindicato Magisterial Veracruzano (SMV) protestaron y tomaron la escuela secundaria y de bachilleres \u201cExperimental\u201d en esta ciudad de Xalapa para denunciar que se han registrado casos de acoso laboral y qu\u00e9 hay decenas de \u201caviadores\u201d. Los quejosos colocaron lonas y pancartas sobre la entrada principal, para solicitar la presencia [&hellip;]<\/p>\n","protected":false},"author":2476,"featured_media":41163,"comment_status":"open","ping_status":"open","sticky":false,"template":"","format":"standard","meta":{"_jetpack_memberships_contains_paid_content":false,"footnotes":""},"categories":[3],"tags":[],"class_list":["post-41162","post","type-post","status-publish","format-standard","has-post-thumbnail","hentry","category-xalapa"],"jetpack_featured_media_url":"https:\/\/encuentroinformativo.com.mx\/wp-content\/uploads\/2023\/05\/a7dabbd5-315f-4293-ac6a-6166a6e45d32.jpg","jetpack_sharing_enabled":true,"jetpack_likes_enabled":true,"amp_enabled":true,"_links":{"self":[{"href":"https:\/\/encuentroinformativo.com.mx\/index.php?rest_route=\/wp\/v2\/posts\/41162","targetHints":{"allow":["GET"]}}],"collection":[{"href":"https:\/\/encuentroinformativo.com.mx\/index.php?rest_route=\/wp\/v2\/posts"}],"about":[{"href":"https:\/\/encuentroinformativo.com.mx\/index.php?rest_route=\/wp\/v2\/types\/post"}],"author":[{"embeddable":true,"href":"https:\/\/encuentroinformativo.com.mx\/index.php?rest_route=\/wp\/v2\/users\/2476"}],"replies":[{"embeddable":true,"href":"https:\/\/encuentroinformativo.com.mx\/index.php?rest_route=%2Fwp%2Fv2%2Fcomments&post=41162"}],"version-history":[{"count":1,"href":"https:\/\/encuentroinformativo.com.mx\/index.php?rest_route=\/wp\/v2\/posts\/41162\/revisions"}],"predecessor-version":[{"id":41165,"href":"https:\/\/encuentroinformativo.com.mx\/index.php?rest_route=\/wp\/v2\/posts\/41162\/revisions\/41165"}],"wp:featuredmedia":[{"embeddable":true,"href":"https:\/\/encuentroinformativo.com.mx\/index.php?rest_route=\/wp\/v2\/media\/41163"}],"wp:attachment":[{"href":"https:\/\/encuentroinformativo.com.mx\/index.php?rest_route=%2Fwp%2Fv2%2Fmedia&parent=41162"}],"wp:term":[{"taxonomy":"category","embeddable":true,"href":"https:\/\/encuentroinformativo.com.mx\/index.php?rest_route=%2Fwp%2Fv2%2Fcategories&post=41162"},{"taxonomy":"post_tag","embeddable":true,"href":"https:\/\/encuentroinformativo.com.mx\/index.php?rest_route=%2Fwp%2Fv2%2Ftags&post=41162"}],"curies":[{"name":"wp","href":"https:\/\/api.w.org\/{rel}","templated":true}]}}