{"id":41174,"date":"2023-05-25T14:17:16","date_gmt":"2023-05-25T20:17:16","guid":{"rendered":"https:\/\/encuentroinformativo.com.mx\/?p=41174"},"modified":"2023-05-25T14:17:20","modified_gmt":"2023-05-25T20:17:20","slug":"regidora-portena-acusa-violencia-digital-en-su-contra","status":"publish","type":"post","link":"https:\/\/encuentroinformativo.com.mx\/?p=41174","title":{"rendered":"Regidora porte\u00f1a acusa violencia digital en su contra"},"content":{"rendered":"\n<p><strong>Dar\u00edo Pale <\/strong><\/p>\n\n\n\n<p>Xalapa, Ver.- Regidora de Veracruz presentar\u00e1 denuncia por amenazas en redes sociales, la denuncia ser\u00e1 contra quien resulte responsable, pero afirm\u00f3 que detr\u00e1s de los miles de perfiles falsos hay exfuncionarios del &#8220;prianismo&#8221;.<\/p>\n\n\n\n<p>En conferencia de prensa la regidora 12 del ayuntamiento de Veracruz, Lisette Mart\u00ednez Echeverr\u00eda, denunci\u00f3 que est\u00e1 siendo v\u00edctima de violencia digital luego de publicar fotos de la protesta ante la Suprema Corte de Justicia de la Naci\u00f3n, por lo que presentar\u00e1 denuncia ante la Fiscal\u00eda General del Estado (FGE), en contra de quien resulte responsable.<\/p>\n\n\n\n<p>Aclar\u00f3 que no asisti\u00f3 por problemas familiares, pero s\u00ed comparti\u00f3 contenido relacionado con la protesta convocada por el gobernador Cuitl\u00e1huac Garc\u00eda Jim\u00e9nez en la Ciudad de M\u00e9xico, el s\u00e1bado 20 de mayo.<\/p>\n\n\n\n<p>Indic\u00f3 que en las publicaciones de redes sociales la acusan de violentadora, de haber asistido a la protesta y de haber cargado un ata\u00fad con la imagen de la ministra presidente de la Corte, Norma Pi\u00f1a.<\/p>\n\n\n\n<p>&#8220;He recibido ya hasta amenazas de muerte de perfiles en Twitter, alrededor de 300 a 400 mensajes diarios que dicen que me van a despedazar, donde me dicen que cuide a mi familia porque me est\u00e1n vigilando&#8221;, se\u00f1al\u00f3.<\/p>\n\n\n\n<p>&#8220;Donde me insultan, me comparan con otras personas que estuvieron ah\u00ed cargando un ata\u00fad, lo cual, evidentemente pues no soy esta persona. Hemos hecho una investigaci\u00f3n a fondo con el \u00e1rea de prensa y hemos visto que las mayor\u00eda de esos perfiles, que son alrededor de 5 mil, est\u00e1n empe\u00f1ados en desprestigiar mi carrera&#8221;, agreg\u00f3.<\/p>\n\n\n\n<p>En ese sentido, acus\u00f3 que como parte de esos perfiles hay muchos actores del &#8220;prianismo&#8221; que se dan a la tarea de &#8220;desprestigiar la carrera de una servidora sin causa alguna&#8221;.<\/p>\n\n\n\n<p>La edil recalc\u00f3 que detr\u00e1s de muchos de los tiwts hay actores del &#8220;prianismo&#8221; incluso mostr\u00f3 algunos de los mensajes y acus\u00f3 que detr\u00e1s de esos estar\u00edan exfuncionarios de la administraci\u00f3n del expresidente Enrique Pe\u00f1a Nieta.<\/p>\n\n\n\n<p>La servidora p\u00fablica no descart\u00f3 que los ataques en su contra sean porque la ven fuerte pol\u00edticamente y porque ha combatido la corrupci\u00f3n, y estim\u00f3 que si no presenta la denuncia penal esta semana, lo har\u00e1 la pr\u00f3xima, ser\u00e1 en contra de quien resulte responsable.<\/p>\n\n\n\n<p>Finalmente se\u00f1al\u00f3 que la acusan de ser terrorista y de haber cargado el ata\u00fad, de haber gritado muerte a la ministra, cuando siempre ha estado a favor de las mujeres.<\/p>\n","protected":false},"excerpt":{"rendered":"<p>Dar\u00edo Pale Xalapa, Ver.- Regidora de Veracruz presentar\u00e1 denuncia por amenazas en redes sociales, la denuncia ser\u00e1 contra quien resulte responsable, pero afirm\u00f3 que detr\u00e1s de los miles de perfiles falsos hay exfuncionarios del &#8220;prianismo&#8221;. En conferencia de prensa la regidora 12 del ayuntamiento de Veracruz, Lisette Mart\u00ednez Echeverr\u00eda, denunci\u00f3 que est\u00e1 siendo v\u00edctima de [&hellip;]<\/p>\n","protected":false},"author":2476,"featured_media":41175,"comment_status":"open","ping_status":"open","sticky":false,"template":"","format":"standard","meta":{"_jetpack_memberships_contains_paid_content":false,"footnotes":""},"categories":[2],"tags":[],"class_list":["post-41174","post","type-post","status-publish","format-standard","has-post-thumbnail","hentry","category-estado"],"jetpack_featured_media_url":"https:\/\/encuentroinformativo.com.mx\/wp-content\/uploads\/2023\/05\/IMG-20230525-WA0050.jpg","jetpack_sharing_enabled":true,"jetpack_likes_enabled":true,"amp_enabled":true,"_links":{"self":[{"href":"https:\/\/encuentroinformativo.com.mx\/index.php?rest_route=\/wp\/v2\/posts\/41174","targetHints":{"allow":["GET"]}}],"collection":[{"href":"https:\/\/encuentroinformativo.com.mx\/index.php?rest_route=\/wp\/v2\/posts"}],"about":[{"href":"https:\/\/encuentroinformativo.com.mx\/index.php?rest_route=\/wp\/v2\/types\/post"}],"author":[{"embeddable":true,"href":"https:\/\/encuentroinformativo.com.mx\/index.php?rest_route=\/wp\/v2\/users\/2476"}],"replies":[{"embeddable":true,"href":"https:\/\/encuentroinformativo.com.mx\/index.php?rest_route=%2Fwp%2Fv2%2Fcomments&post=41174"}],"version-history":[{"count":1,"href":"https:\/\/encuentroinformativo.com.mx\/index.php?rest_route=\/wp\/v2\/posts\/41174\/revisions"}],"predecessor-version":[{"id":41176,"href":"https:\/\/encuentroinformativo.com.mx\/index.php?rest_route=\/wp\/v2\/posts\/41174\/revisions\/41176"}],"wp:featuredmedia":[{"embeddable":true,"href":"https:\/\/encuentroinformativo.com.mx\/index.php?rest_route=\/wp\/v2\/media\/41175"}],"wp:attachment":[{"href":"https:\/\/encuentroinformativo.com.mx\/index.php?rest_route=%2Fwp%2Fv2%2Fmedia&parent=41174"}],"wp:term":[{"taxonomy":"category","embeddable":true,"href":"https:\/\/encuentroinformativo.com.mx\/index.php?rest_route=%2Fwp%2Fv2%2Fcategories&post=41174"},{"taxonomy":"post_tag","embeddable":true,"href":"https:\/\/encuentroinformativo.com.mx\/index.php?rest_route=%2Fwp%2Fv2%2Ftags&post=41174"}],"curies":[{"name":"wp","href":"https:\/\/api.w.org\/{rel}","templated":true}]}}