{"id":4118,"date":"2020-07-15T07:05:00","date_gmt":"2020-07-15T12:05:00","guid":{"rendered":"https:\/\/encuentroinformativo.com\/?p=4118"},"modified":"2020-07-15T03:26:41","modified_gmt":"2020-07-15T08:26:41","slug":"cuando-quisieron-cundir-de-guerrerenses-en-el-sur","status":"publish","type":"post","link":"https:\/\/encuentroinformativo.com.mx\/?p=4118","title":{"rendered":"CUANDO QUISIERON CUNDIR DE GUERRERENSES EN EL SUR"},"content":{"rendered":"\n<p><strong>+ Conflictos innecesarios al gobernador.<br>+ Decreto para Reducir Aglomeraci\u00f3n y Movilidad\u00a0<a href=\"outlook-data-detector:\/\/0\">del 15 al 31 de julio<\/a>.<br>+ Municipio de la esperanza, con Covid-19.<br><br>A lo mejor la inmersi\u00f3n fue en nombre de la ciencia<br>&#8211;Chopenjawer<\/strong><\/p>\n\n\n\n<p>En los a\u00f1os 50, durante el mandato del presidente Miguel Alem\u00e1n Vald\u00e9s, se realiz\u00f3 una migraci\u00f3n masiva de guerrenses y michoacanos al sur de Veracruz, supuestamente para ocupar territorios vac\u00edos y despoblados, que en realidad pertenec\u00edan a grupos ind\u00edgenas. Este \u00e9xodo fue principalmente de ganaderos, que aprovecharon buena parte de la regi\u00f3n sur para hacer tierras de pastoreo.<\/p>\n\n\n\n<p>Se dice que quien los trajo a la zona sur de Veracruz para generar m\u00fasculo, controlar alcald\u00edas y hacerle contrapeso al poder de los petroleros, fue el cacique Amadeo Gonz\u00e1lez Caballero, quien era el brazo derecho de Alem\u00e1n, y tambi\u00e9n fue aliado y protegido de gobernadores como Fernando L\u00f3pez Arias.<\/p>\n\n\n\n<p>El poder de Amadeo con los ganaderos lleg\u00f3 a ser absoluto, controlando as\u00ed municipios enteros desde Alvarado hasta Las Choapas, a base de imponerse por la fuerza.<\/p>\n\n\n\n<p>Hay quienes recuerdan en esos a\u00f1os que, por ejemplo, en Minatitl\u00e1n se realizaban bailes llamados &#8220;Blanco y Negro&#8221; (muy famosos, patrocinados por los petroleros) a donde llegaron artistas internacional de la talla de Gloria Gaynor, pero de repente empez\u00f3 a llegar &#8220;gente rara&#8221; tipo vaquero, sombrerudos y toda la cosa.<\/p>\n\n\n\n<p>Muchas familias descendientes de estos guerrerenses y michoacanos se establecieron en esa regi\u00f3n y se fueron enraizando con el paso del tiempo. Hasta el d\u00eda de hoy son uno de los grupos m\u00e1s fuertes de Veracruz, con mucho poder econ\u00f3mico.<\/p>\n\n\n\n<p>Se dice que a finales del siglo pasado, lleg\u00f3 a haber indicios de que una nueva camada de guerrerenses vendr\u00edan a instalarse en el sur de Veracruz, espec\u00edficamente en la zona de Jes\u00fas Carranza y Nuevo Morelos.<\/p>\n\n\n\n<p>En ese entonces, se ve\u00eda al fallecido cantante Joan Sebastian pase\u00e1ndose por Acayucan, de hecho, se cas\u00f3 con una veracruzana sure\u00f1a e inaugur\u00f3 el centro de espect\u00e1culos &#8220;Villa Cantares&#8221;, hoy en el abandono. De igual manera, fund\u00f3 ranchos como Finca Marcelia, El Capricho, El Hato, La Jarana, El Bandido, El Suspiro, mismos que se ubican en Acayucan y el poblado Nuevo Morelos, del municipio de Jes\u00fas Carranza.<\/p>\n\n\n\n<p>Lleg\u00f3 a haber un incidente porque el artista tra\u00eda personas armadas y elementos de la entonces recientemente creada Secretar\u00eda de Seguridad P\u00fablica llegaron a detenerlos y a quitarles las armas, justo en la entrada de uno de sus ranchos, pero una llamada desde Xalapa (en tiempos de Miguel Alem\u00e1n Velasco) fue suficiente para soltarlos y dejar al cantautor sin broncas.<\/p>\n\n\n\n<p>Quien par\u00f3 las intenciones de poblar de guerrerenses la zona fue el delegado de Seguridad P\u00fablica, Alfonso Lara Montero, advirti\u00e9ndole a los promotores sobre el conflicto que se iba a armar.<\/p>\n\n\n\n<p>Hoy pareciera que otra vez hay se\u00f1ales de que nuevamente est\u00e1n acomodando piezas en la regi\u00f3n para que &#8211;ahora s\u00ed&#8211; se vea el control de los guerrerenses y michoacanos en esa porci\u00f3n del estado, lo que a futuro podr\u00eda generar estallidos de violencia, porque los grupos opositores no se van a dejar.<\/p>\n\n\n\n<p>Dicen all\u00e1 en el sur que el Grupo Carranza va por todo: desde Jes\u00fas Carranza hasta Las Choapas, por toda La Chinantla. Al tiempo.&nbsp;<\/p>\n\n\n\n<p><strong>NOTA PARA EL REFRI:<\/strong> No se sabe si fue por maldad o por error, pero la realidad es que le crearon una situaci\u00f3n de conflicto innecesario al gobernador cuando no pusieron al puerto de Veracruz en el Decreto para Reducir Aglomeraci\u00f3n y Movilidad\u00a0<a href=\"outlook-data-detector:\/\/4\">del 15 al 31 de julio<\/a>, siendo que es la zona m\u00e1s contagiada, m\u00e1s problem\u00e1tica, m\u00e1s en foco rojo. De veras, si no ayudan, no la amuelen, porque el Fernandito Perrier y sus huestes anduvieron capitalizando (jodiendo) lo anterior&#8230; \u00bfQu\u00e9 necesidad, de veras? \u00bfPos qu\u00e9 no cuidan lo que publican?<\/p>\n\n\n\n<p><strong>OTRA NOTA: <\/strong>A trav\u00e9s de la Gaceta Oficial n\u00famero 280, de este mi\u00e9rcoles 15 de julio, el gobernador de Veracruz, Cuitl\u00e1huac Garc\u00eda Jim\u00e9nez, decret\u00f3 nuevas medidas temporales para reducir la movilidad y aglomeraci\u00f3n,\u00a0<a href=\"outlook-data-detector:\/\/6\">del 15 al 31 de julio<\/a>\u00a0de este a\u00f1o, derivado de la emergencia sanitaria generada por el virus SARS-CoV2 (Covid-19) en el territorio del estado de Veracruz. Son varios municipios donde se piden filtros sanitarios, supervisi\u00f3n permanente de comercios, regulaci\u00f3n tendiente a la disminuci\u00f3n de presencia de transe\u00fantes, aglomeraciones y paseantes; restringir al 50% el n\u00famero de pasajeros por viaje para el servicio de transporte p\u00fablico, ocupando exclusivamente los asientos de ventanilla y supervisar que las personas usuarias hagan uso del cubrebocas; de igual manera, los concesionarios del servicio de transporte p\u00fablico deber\u00e1n desinfectar peri\u00f3dicamente sus unidades e implementar el uso de gel antibacterial al interior de las mismas; as\u00ed como restringir al 50% el n\u00famero de personas traslad\u00e1ndose en veh\u00edculos particulares.<\/p>\n\n\n\n<p><strong>LA \u00daLTIMA PORQUE HAY QUE IR HACER COMPRAS DE MEDIANOCHE:<\/strong> En el \u00faltimo reporte estatal sobre la situaci\u00f3n del Coronavirus en Veracruz destaca que uno de los municipios de la esperanza, que se suponen estaban libres de Covid-19, ya apareci\u00f3 en el conteo de anoche con un caso: se trata de Mixtla de Altamirano. Sobre este tema, por la tarde el subsecretario de Prevenci\u00f3n y Promoci\u00f3n de la Salud, Hugo L\u00f3pez-Gatell, revel\u00f3 que el gobierno federal enviar\u00e1 130 ventiladores de fabricaci\u00f3n nacional a Veracruz para enfermos de Coronavirus, adem\u00e1s de aplaudir la medida de que se est\u00e9n abriendo unidades temporales Covid. Por cierto, el gobernador Cuitl\u00e1huac Garc\u00eda Jim\u00e9nez, junto a sus hom\u00f3logos, cerraron filas en torno al Presidente Andr\u00e9s Manuel L\u00f3pez Obrador en apoyo a sus pol\u00edticas.<br><\/p>\n\n\n\n<p><strong>@pablojair<\/strong><\/p>\n","protected":false},"excerpt":{"rendered":"<p>+ Conflictos innecesarios al gobernador.+ Decreto para Reducir Aglomeraci\u00f3n y Movilidad\u00a0del 15 al 31 de julio.+ Municipio de la esperanza, con Covid-19. A lo mejor la inmersi\u00f3n fue en nombre de la ciencia&#8211;Chopenjawer En los a\u00f1os 50, durante el mandato del presidente Miguel Alem\u00e1n Vald\u00e9s, se realiz\u00f3 una migraci\u00f3n masiva de guerrenses y michoacanos al [&hellip;]<\/p>\n","protected":false},"author":1,"featured_media":488,"comment_status":"open","ping_status":"open","sticky":false,"template":"","format":"standard","meta":{"_jetpack_memberships_contains_paid_content":false,"footnotes":""},"categories":[11],"tags":[],"class_list":["post-4118","post","type-post","status-publish","format-standard","has-post-thumbnail","hentry","category-opinion"],"jetpack_featured_media_url":"https:\/\/encuentroinformativo.com.mx\/wp-content\/uploads\/2020\/03\/F471F608-BA1A-416B-BA7B-BCFB24F4E6D0.jpeg","jetpack_sharing_enabled":true,"jetpack_likes_enabled":true,"amp_enabled":true,"_links":{"self":[{"href":"https:\/\/encuentroinformativo.com.mx\/index.php?rest_route=\/wp\/v2\/posts\/4118","targetHints":{"allow":["GET"]}}],"collection":[{"href":"https:\/\/encuentroinformativo.com.mx\/index.php?rest_route=\/wp\/v2\/posts"}],"about":[{"href":"https:\/\/encuentroinformativo.com.mx\/index.php?rest_route=\/wp\/v2\/types\/post"}],"author":[{"embeddable":true,"href":"https:\/\/encuentroinformativo.com.mx\/index.php?rest_route=\/wp\/v2\/users\/1"}],"replies":[{"embeddable":true,"href":"https:\/\/encuentroinformativo.com.mx\/index.php?rest_route=%2Fwp%2Fv2%2Fcomments&post=4118"}],"version-history":[{"count":1,"href":"https:\/\/encuentroinformativo.com.mx\/index.php?rest_route=\/wp\/v2\/posts\/4118\/revisions"}],"predecessor-version":[{"id":4119,"href":"https:\/\/encuentroinformativo.com.mx\/index.php?rest_route=\/wp\/v2\/posts\/4118\/revisions\/4119"}],"wp:featuredmedia":[{"embeddable":true,"href":"https:\/\/encuentroinformativo.com.mx\/index.php?rest_route=\/wp\/v2\/media\/488"}],"wp:attachment":[{"href":"https:\/\/encuentroinformativo.com.mx\/index.php?rest_route=%2Fwp%2Fv2%2Fmedia&parent=4118"}],"wp:term":[{"taxonomy":"category","embeddable":true,"href":"https:\/\/encuentroinformativo.com.mx\/index.php?rest_route=%2Fwp%2Fv2%2Fcategories&post=4118"},{"taxonomy":"post_tag","embeddable":true,"href":"https:\/\/encuentroinformativo.com.mx\/index.php?rest_route=%2Fwp%2Fv2%2Ftags&post=4118"}],"curies":[{"name":"wp","href":"https:\/\/api.w.org\/{rel}","templated":true}]}}