{"id":41186,"date":"2023-05-25T16:11:09","date_gmt":"2023-05-25T22:11:09","guid":{"rendered":"https:\/\/encuentroinformativo.com.mx\/?p=41186"},"modified":"2023-05-25T16:11:13","modified_gmt":"2023-05-25T22:11:13","slug":"fatima-fue-victima-de-trata-afirman-familiares","status":"publish","type":"post","link":"https:\/\/encuentroinformativo.com.mx\/?p=41186","title":{"rendered":"F\u00e1tima fue v\u00edctima de trata, afirman familiares"},"content":{"rendered":"\n<p><strong>Dar\u00edo Pale <\/strong><\/p>\n\n\n\n<p>Xalapa, Ver.- F\u00e1tima Cristal Gonz\u00e1lez Platas, fue v\u00edctima de una red de trata, fue gente del pueblo, la t\u00eda de F\u00e1tima Guadalupe Rubi Romero Gonz\u00e1lez, asegura que las autoridades protegen a delincuentes.<\/p>\n\n\n\n<p>Entrevistada durante su manifestaci\u00f3n en la plaza Lerdo asegur\u00f3 que la menor s\u00ed fue v\u00edctima de una red de trata que cometi\u00f3 gente del mismo pueblo que est\u00e1 protegida por las autoridades, afirm\u00f3 que siguen ocurriendo delitos en Villa Aldama, pero la gente no presenta denuncias.<\/p>\n\n\n\n<p>Durante una protesta que llev\u00f3 a cabo este jueves en la Plaza Lerdo, refiri\u00f3 que en Villa Aldama ocurri\u00f3 un caso similar al de su sobrina, pero las autoridades se molestaron por hacer p\u00fablico el asunto de F\u00e1tima en los medios de comunicaci\u00f3n.<\/p>\n\n\n\n<p>&#8220;Pero si yo no hago p\u00fablico esto en ese pueblo no pasa nada y en ese pueblo siguen pasando cosas, pero la gente por miedo y por su mentalidad cerrada no denuncian&#8221;, se\u00f1al\u00f3.<\/p>\n\n\n\n<p>&#8220;Intentaron llevarse a otra chica, pero como no lograron llev\u00e1rsela, los pap\u00e1s no denunciaron y ni dijeron nada. Mi madre se fue para all\u00e1 para enterarse de la situaci\u00f3n y nos da coraje e impotencia que las autoridades sigan diciendo que mi ni\u00f1a no es v\u00edctima de una red de trata&#8221;, agreg\u00f3.<\/p>\n\n\n\n<p>En ese sentido, reafirm\u00f3 que F\u00e1tima s\u00ed es v\u00edctima de una red de trata, lo cual ya confirmaron, pero dijo que si las autoridades no est\u00e1n enteradas es porque hacen caso omiso a cada dato que las familias les proporcionan.<\/p>\n\n\n\n<p>Y es que, cada vez que se enteran de cualquier indicio se lo notifican a las autoridades, no obstante comprendi\u00f3 que la Polic\u00eda Ministerial no se d\u00e9 abasto y que por ello siempre le digan que no tienen tiempo, pero recalc\u00f3 que a F\u00e1tima se la llevaron por la fuerza.<\/p>\n\n\n\n<p>&#8220;La <em>embabucaron<\/em> y es gente del mismo pueblo que est\u00e1 protegida por autoridades cercanas&#8221;, revel\u00f3.<\/p>\n\n\n\n<p>Mencion\u00f3 que ha recibido amenazas para que deje de buscar a su sobrina, por eso &#8220;hab\u00eda estado quieta&#8221;.<\/p>\n\n\n\n<p>Adem\u00e1s le advirtieron que habr\u00eda represalias en su contra y contra su hijo, sin embargo, respondi\u00f3 que ella no puede parar de buscar a F\u00e1tima.<\/p>\n\n\n\n<p>&#8220;Porque su madre no est\u00e1 aqu\u00ed, su madre la dej\u00f3 desde que era una beb\u00e9, ella es mi sobrina, es hija de un padre asesinado desde hace seis a\u00f1os en el centro de Xalapa&#8221;, inform\u00f3.<\/p>\n\n\n\n<p>&#8220;Cuando asesinaron a mi hermano yo no busqu\u00e9, yo no indagu\u00e9 porque por lo mismo me dijeron: no busques, fue el crimen organizado el que mat\u00f3 a tu hermano, pero ella es una ni\u00f1a&#8221;, resalt\u00f3.<\/p>\n\n\n\n<p>Coment\u00f3 que su hermano, en 2017, ten\u00eda 30 a\u00f1os, pero F\u00e1tima tiene 15 y se merece la oportunidad de ser encontrada.<\/p>\n\n\n\n<p>Finalmente lament\u00f3 que, &#8220;s\u00e9 que mi ni\u00f1a est\u00e1 viva y la tienen privada de su libertad, por eso no se ha comunicado. La gente de ese pueblo se niega a decir lo que sabe y se queda en rumores y la Fiscal\u00eda me dice que no puede ir tras esos rumores&#8221;.<\/p>\n","protected":false},"excerpt":{"rendered":"<p>Dar\u00edo Pale Xalapa, Ver.- F\u00e1tima Cristal Gonz\u00e1lez Platas, fue v\u00edctima de una red de trata, fue gente del pueblo, la t\u00eda de F\u00e1tima Guadalupe Rubi Romero Gonz\u00e1lez, asegura que las autoridades protegen a delincuentes. Entrevistada durante su manifestaci\u00f3n en la plaza Lerdo asegur\u00f3 que la menor s\u00ed fue v\u00edctima de una red de trata que [&hellip;]<\/p>\n","protected":false},"author":2476,"featured_media":41187,"comment_status":"open","ping_status":"open","sticky":false,"template":"","format":"standard","meta":{"_jetpack_memberships_contains_paid_content":false,"footnotes":""},"categories":[8],"tags":[],"class_list":["post-41186","post","type-post","status-publish","format-standard","has-post-thumbnail","hentry","category-region"],"jetpack_featured_media_url":"https:\/\/encuentroinformativo.com.mx\/wp-content\/uploads\/2023\/05\/IMG-20230525-WA00852.jpg","jetpack_sharing_enabled":true,"jetpack_likes_enabled":true,"amp_enabled":true,"_links":{"self":[{"href":"https:\/\/encuentroinformativo.com.mx\/index.php?rest_route=\/wp\/v2\/posts\/41186","targetHints":{"allow":["GET"]}}],"collection":[{"href":"https:\/\/encuentroinformativo.com.mx\/index.php?rest_route=\/wp\/v2\/posts"}],"about":[{"href":"https:\/\/encuentroinformativo.com.mx\/index.php?rest_route=\/wp\/v2\/types\/post"}],"author":[{"embeddable":true,"href":"https:\/\/encuentroinformativo.com.mx\/index.php?rest_route=\/wp\/v2\/users\/2476"}],"replies":[{"embeddable":true,"href":"https:\/\/encuentroinformativo.com.mx\/index.php?rest_route=%2Fwp%2Fv2%2Fcomments&post=41186"}],"version-history":[{"count":1,"href":"https:\/\/encuentroinformativo.com.mx\/index.php?rest_route=\/wp\/v2\/posts\/41186\/revisions"}],"predecessor-version":[{"id":41188,"href":"https:\/\/encuentroinformativo.com.mx\/index.php?rest_route=\/wp\/v2\/posts\/41186\/revisions\/41188"}],"wp:featuredmedia":[{"embeddable":true,"href":"https:\/\/encuentroinformativo.com.mx\/index.php?rest_route=\/wp\/v2\/media\/41187"}],"wp:attachment":[{"href":"https:\/\/encuentroinformativo.com.mx\/index.php?rest_route=%2Fwp%2Fv2%2Fmedia&parent=41186"}],"wp:term":[{"taxonomy":"category","embeddable":true,"href":"https:\/\/encuentroinformativo.com.mx\/index.php?rest_route=%2Fwp%2Fv2%2Fcategories&post=41186"},{"taxonomy":"post_tag","embeddable":true,"href":"https:\/\/encuentroinformativo.com.mx\/index.php?rest_route=%2Fwp%2Fv2%2Ftags&post=41186"}],"curies":[{"name":"wp","href":"https:\/\/api.w.org\/{rel}","templated":true}]}}