{"id":41189,"date":"2023-05-25T10:31:44","date_gmt":"2023-05-25T16:31:44","guid":{"rendered":"https:\/\/encuentroinformativo.com.mx\/?p=41189"},"modified":"2023-05-25T17:17:00","modified_gmt":"2023-05-25T23:17:00","slug":"acusaciones-contra-jueza-por-disputa-de-custodia-de-menor","status":"publish","type":"post","link":"https:\/\/encuentroinformativo.com.mx\/?p=41189","title":{"rendered":"Acusaciones contra jueza, por disputa de custodia de menor"},"content":{"rendered":"\n<p><strong>Dar\u00edo Pale <\/strong><\/p>\n\n\n\n<p>Xalapa, Ver.- Acuchill\u00f3 a su hijo en la pierna y ahora acusa a jueza de quit\u00e1rselo, la Jueza protegi\u00f3 los derechos del menor que corr\u00eda peligro con su madre, padre del menor present\u00f3 pruebas y se\u00f1al\u00f3 a la mujer de difamaci\u00f3n y calumnias, la madre del menor est\u00e1 denunciada ante la Fiscal\u00eda por violentar al menor f\u00edsica y emocionalmente<\/p>\n\n\n\n<p>En conferencia de prensa Mitchel Alejandro Fern\u00e1ndez Gonz\u00e1lez, Representante y Padre de un menor de edad de quien se omite su nombre, acus\u00f3 de difamaci\u00f3n y calumnias a la se\u00f1ora Gloria Mart\u00ednez Mortera, luego de que esta se\u00f1alara a la jueza M\u00f3nica Segovia de liberarlo y sobreseer el juicio.&nbsp;<\/p>\n\n\n\n<p>La mujer hab\u00eda denunciado al padre de su hijo de sustracci\u00f3n de menores y por tal motivo hab\u00eda sido detenido, sin embargo se presentaron las pruebas suficientes donde se demostr\u00f3 que la madre del menor se lo entreg\u00f3 con su consentimiento y ahora pretend\u00eda acusarlo de ser favorecido por la jueza.&nbsp;<\/p>\n\n\n\n<p>\u201cHace denuncia publica de la actuaci\u00f3n de la Juez M\u00f3nica Segovia J\u00e1come, quien funge como juez de control de proceso penal del distrito 12 de Coatepec, Veracruz, en el que manifiesta un desleal actuar de sus acciones como servidora p\u00fablica, as\u00ed como de tener v\u00ednculos y acercamiento con el suscrito y mis defensores a fin de favorecerme, por lo que ante estos se\u00f1alamientos niego categ\u00f3ricamente lo que la se\u00f1ora les dijo p\u00fablicamente\u201d, se\u00f1al\u00f3.<\/p>\n\n\n\n<p>Precis\u00f3 que jam\u00e1s ha dialogado de manera personal con la jueza Segovia J\u00e1come y mucho menos en secreto.&nbsp;<\/p>\n\n\n\n<p>Aunado a ello explic\u00f3 que nunca fue acusado por el delito de retenci\u00f3n ilegal de menores, sino de sustracci\u00f3n ilegal de menores, lo c\u00faal es completamente diferente y falso, puesto que se logr\u00f3 comprobar que dichas acusaciones eran falsas.&nbsp;<\/p>\n\n\n\n<p>\u201cNo se logr\u00f3 establecer que yo sustrajera a mi hijo sin el consentimiento de su madre, puesto que de manera literal y voy a citar a la fiscal, Mar\u00eda Ethel Santiago Hern\u00e1ndez, \u2018Mitchel Alejandro le dijo a la madre del ni\u00f1o que si se lo pod\u00eda llevar a la tienda por un juguito por lo que Gloria Mart\u00ednez Mortera le dijo ok est\u00e1 bien\u2019, dando as\u00ed por hecho que el suscrito no sustrajo a mi hijo sin el consentimiento de su madre, ya que la misma fiscal derivado de su investigaci\u00f3n indic\u00f3 que ella consinti\u00f3 que me llevar a mi hijo\u201d, coment\u00f3.<\/p>\n\n\n\n<p>Subray\u00f3 que es importante destacar las razones por las cu\u00e1les realiza estas graves acusaciones la se\u00f1ora Gloria Mart\u00ednez, con conductas tendenciosas para que la sociedad tenga una mala imagen del padre de su hijo y de la jueza M\u00f3nica Segovia.&nbsp;<\/p>\n\n\n\n<p>Se\u00f1al\u00f3 que lo que pretende es evitar su responsabilidad legal y la procuraci\u00f3n de justicia, en donde la \u00fanica v\u00edctima es el menor de edad.&nbsp;<\/p>\n\n\n\n<p>\u201cEs evidente el asesoramiento desleal que tiene la se\u00f1ora, y que con ello pretende obtener un beneficio personal, ya que la se\u00f1ora ha omitido decir que ella ha violentado de manera grave de forma f\u00edsica, emocional y de manera continua a mi hijo menor de edad, esto lo s\u00e9 por voz de mi hijo\u201d, inform\u00f3.<\/p>\n\n\n\n<p>Incluso el 2 de abril de este a\u00f1o present\u00f3 una denuncia formal en contra de la madre de su hijo, Gloria Mart\u00ednez Mortera, ante la Fiscal\u00eda Especializada en la Investigaci\u00f3n de Delitos contra las Mujeres, Ni\u00f1os y Ni\u00f1as por el delito de violencia familiar en agravio del ni\u00f1o.&nbsp;<\/p>\n\n\n\n<p>\u201cHay pruebas en la que la se\u00f1ora realiz\u00f3 conductas de apariencia de delito en agravio de mi hijo, dentro de esa carpeta de investigaci\u00f3n se desprende la entrevista de mi hijo. Mi hijo manifest\u00f3 las agresiones de que era objeto por parte de la se\u00f1ora, que iban desde las ofensas, amenazas, golpes, hasta que su propia madre le enterr\u00f3 un cuchillo en la pierna\u201d, dijo en la conferencia.<\/p>\n\n\n\n<p>Los hechos narrados por el menor se encuentran integrados en la carpeta de investigaci\u00f3n 425\/2022, adem\u00e1s de contar con los dict\u00e1menes m\u00e9dicos y psicol\u00f3gicos a los que fue sometido por la fiscal\u00eda.&nbsp;<\/p>\n\n\n\n<p>Destac\u00f3 que la madre de su hijo omiti\u00f3 informar a la prensa los delitos que ella ha cometido en agravio del menor, y por los cuales ya fue vinculada a proceso, todo ello con la finalidad de enga\u00f1ar a la opini\u00f3n p\u00fablica y justificar su actuar il\u00edcito.&nbsp;<\/p>\n\n\n\n<p>Finalmente se\u00f1al\u00f3 que, \u201cla se\u00f1ora pretende coaccionar y presionar al Poder Judicial del estado de Veracruz, a beneficio de sus propios intereses personales, tratando de enga\u00f1ar a la opini\u00f3n p\u00fablica y al poder judicial del estado y hacer un linchamiento medi\u00e1tico, cuando es claro que ella es la delincuente\u201d.<\/p>\n\n\n\n<p>El padre del menor solicit\u00f3 al Gobernador del Estado, Cuitl\u00e1huac Garc\u00eda Jim\u00e9nez, que proteja al menor de edad porque teme por la integridad f\u00edsica y psicol\u00f3gica el menor y no se defienda, ni proteja a la mujer que la violentado gravemente al ni\u00f1o.<\/p>\n","protected":false},"excerpt":{"rendered":"<p>Dar\u00edo Pale Xalapa, Ver.- Acuchill\u00f3 a su hijo en la pierna y ahora acusa a jueza de quit\u00e1rselo, la Jueza protegi\u00f3 los derechos del menor que corr\u00eda peligro con su madre, padre del menor present\u00f3 pruebas y se\u00f1al\u00f3 a la mujer de difamaci\u00f3n y calumnias, la madre del menor est\u00e1 denunciada ante la Fiscal\u00eda por [&hellip;]<\/p>\n","protected":false},"author":2476,"featured_media":41190,"comment_status":"open","ping_status":"open","sticky":false,"template":"","format":"standard","meta":{"_jetpack_memberships_contains_paid_content":false,"footnotes":""},"categories":[3],"tags":[],"class_list":["post-41189","post","type-post","status-publish","format-standard","has-post-thumbnail","hentry","category-xalapa"],"jetpack_featured_media_url":"https:\/\/encuentroinformativo.com.mx\/wp-content\/uploads\/2023\/05\/IMG-20230525-WA0077.jpg","jetpack_sharing_enabled":true,"jetpack_likes_enabled":true,"amp_enabled":true,"_links":{"self":[{"href":"https:\/\/encuentroinformativo.com.mx\/index.php?rest_route=\/wp\/v2\/posts\/41189","targetHints":{"allow":["GET"]}}],"collection":[{"href":"https:\/\/encuentroinformativo.com.mx\/index.php?rest_route=\/wp\/v2\/posts"}],"about":[{"href":"https:\/\/encuentroinformativo.com.mx\/index.php?rest_route=\/wp\/v2\/types\/post"}],"author":[{"embeddable":true,"href":"https:\/\/encuentroinformativo.com.mx\/index.php?rest_route=\/wp\/v2\/users\/2476"}],"replies":[{"embeddable":true,"href":"https:\/\/encuentroinformativo.com.mx\/index.php?rest_route=%2Fwp%2Fv2%2Fcomments&post=41189"}],"version-history":[{"count":2,"href":"https:\/\/encuentroinformativo.com.mx\/index.php?rest_route=\/wp\/v2\/posts\/41189\/revisions"}],"predecessor-version":[{"id":41198,"href":"https:\/\/encuentroinformativo.com.mx\/index.php?rest_route=\/wp\/v2\/posts\/41189\/revisions\/41198"}],"wp:featuredmedia":[{"embeddable":true,"href":"https:\/\/encuentroinformativo.com.mx\/index.php?rest_route=\/wp\/v2\/media\/41190"}],"wp:attachment":[{"href":"https:\/\/encuentroinformativo.com.mx\/index.php?rest_route=%2Fwp%2Fv2%2Fmedia&parent=41189"}],"wp:term":[{"taxonomy":"category","embeddable":true,"href":"https:\/\/encuentroinformativo.com.mx\/index.php?rest_route=%2Fwp%2Fv2%2Fcategories&post=41189"},{"taxonomy":"post_tag","embeddable":true,"href":"https:\/\/encuentroinformativo.com.mx\/index.php?rest_route=%2Fwp%2Fv2%2Ftags&post=41189"}],"curies":[{"name":"wp","href":"https:\/\/api.w.org\/{rel}","templated":true}]}}