{"id":41192,"date":"2023-05-25T16:44:29","date_gmt":"2023-05-25T22:44:29","guid":{"rendered":"https:\/\/encuentroinformativo.com.mx\/?p=41192"},"modified":"2023-05-25T16:44:34","modified_gmt":"2023-05-25T22:44:34","slug":"en-pandemia-fuimos-heroes-reprochan-enfermeras-y-enfermeros","status":"publish","type":"post","link":"https:\/\/encuentroinformativo.com.mx\/?p=41192","title":{"rendered":"En pandemia fuimos h\u00e9roes, reprochan enfermeras y enfermeros"},"content":{"rendered":"\n<p><strong>Juan Arcos\/Dar\u00edo Pale<\/strong><\/p>\n\n\n\n<p>Xalapa, Ver.- Personal m\u00e9dico, camilleros, qu\u00edmicos y estudiantes de enfermer\u00eda protestaron y marcharon en la ciudad de Xalapa, en rechazo al decreto que atenta contra la licenciatura de Enfermer\u00eda y promueve la disminuci\u00f3n de salarios.<\/p>\n\n\n\n<p>Los quejosos se concentraron afuera del Teatro del Estado \u201cIgnacio de la Llave\u201d y despu\u00e9s caminaron sobre la avenida Manuel \u00c1vila Camacho con direcci\u00f3n a Palacio de Gobierno.<\/p>\n\n\n\n<p>\u201cEn pandemia fuimos h\u00e9roes, ahora somos nada\u201d, \u201cenfermera callada jam\u00e1s ser\u00e1 escuchada\u201d y \u201csin enfermer\u00eda, salud en agon\u00eda\u201d, fueron algunas de las consignas que lanzaron durante su manifestaci\u00f3n.<\/p>\n\n\n\n<p>Los manifestantes, en su mayor\u00eda del \u00c1rea Acad\u00e9mica de Ciencias de la Salud de la Universidad Veracruzana (UV), exigieron reconocimiento salarial, profesional y laboral.<\/p>\n\n\n\n<p>\u201cSe\u00f1or presidente de la Rep\u00fablica, Andr\u00e9s Manuel L\u00f3pez Obrador, los profesionales de enfermer\u00eda del estado de Veracruz, de la ciudad de Xalapa, de diferentes instituciones de salud, con licenciatura, posgrado y maestr\u00eda, tenemos m\u00e1s de 10 a\u00f1os laborando por contrataci\u00f3n eventual, sin prestaciones ni certeza laboral\u201d, se le\u00eda en una lona.<\/p>\n\n\n\n<p>Mencionaron que el nuevo sistema de salud IMSS-Bienestar no contempla el reconocimiento a los estudios de licenciatura y de posgrado en enfermer\u00eda, situaci\u00f3n que los perjudica.<\/p>\n\n\n\n<p>De acuerdo con la enfermedad Claudia Hern\u00e1ndez, el personal de enfermer\u00eda no fueron reconocidos durante la pandemia del Sars-Cov2 (Covid-19), a pesar de que tambi\u00e9n arriesgaron su vida para salvar a otras personas.<\/p>\n\n\n\n<p>\u201cNosotros nos sacrificamos en el Covid y de todos los que estamos aqu\u00ed a nadie le dieron un premio, a nadie, solo a los elegidos y ahora nos quieren bajar el salario, esto es injusto. Necesitamos que nos escuche la sociedad\u201d, enfatiz\u00f3.<\/p>\n\n\n\n<p>La entrevistada consider\u00f3 que las nuevas disposiciones oficiales son un atentado contra la vida, sobre todo al tratarse de una afectaci\u00f3n grave a las personas que atendieron a pacientes con coronavirus.<\/p>\n\n\n\n<p>\u201cYo quisiera que vieran cuando estamos con los pacientes moribundos, pero no saben lo que es cuidar a pacientes con Covid-19, no lo saben, por eso se les ocurre bajarnos el salario\u201d, enfatiz\u00f3.<\/p>\n\n\n\n<p>Y es que con las nuevas disposiciones hasta los m\u00e9dicos salen afectados, durante la marcha portaron varias lonas donde daban a conocer diferentes consignas a favor de las enfermeras.<\/p>\n\n\n\n<p>&#8220;En cuanto a nivel licenciatura, la mayor\u00eda tiene un salario de auxiliar de enfermer\u00eda, aunque las funciones que desempe\u00f1an sean de licenciatura y muchos de los compa\u00f1eros, incluso, con posgrados y maestr\u00edas&#8221;, se\u00f1alaron los inconformes.<\/p>\n\n\n\n<p>Adem\u00e1s, acot\u00f3 que en cuesti\u00f3n de porcentajes les afecta hasta en 50 por ciento, &#8220;todav\u00eda no est\u00e1 publicado, pero ya no hay vuelta atr\u00e1s&#8221;.\u00a0<\/p>\n\n\n\n<figure class=\"wp-block-image size-large\"><img loading=\"lazy\" decoding=\"async\" width=\"1024\" height=\"576\" src=\"https:\/\/encuentroinformativo.com.mx\/wp-content\/uploads\/2023\/05\/IMG-20230525-WA0107-1024x576.jpg\" alt=\"\" class=\"wp-image-41194\" srcset=\"https:\/\/encuentroinformativo.com.mx\/wp-content\/uploads\/2023\/05\/IMG-20230525-WA0107-1024x576.jpg 1024w, https:\/\/encuentroinformativo.com.mx\/wp-content\/uploads\/2023\/05\/IMG-20230525-WA0107-300x169.jpg 300w, https:\/\/encuentroinformativo.com.mx\/wp-content\/uploads\/2023\/05\/IMG-20230525-WA0107-768x432.jpg 768w, https:\/\/encuentroinformativo.com.mx\/wp-content\/uploads\/2023\/05\/IMG-20230525-WA0107-1536x864.jpg 1536w, https:\/\/encuentroinformativo.com.mx\/wp-content\/uploads\/2023\/05\/IMG-20230525-WA0107.jpg 1599w\" sizes=\"auto, (max-width: 1024px) 100vw, 1024px\" \/><\/figure>\n\n\n\n<figure class=\"wp-block-image size-large\"><img loading=\"lazy\" decoding=\"async\" width=\"1024\" height=\"768\" src=\"https:\/\/encuentroinformativo.com.mx\/wp-content\/uploads\/2023\/05\/IMG_4179-1024x768.jpg\" alt=\"\" class=\"wp-image-41195\" srcset=\"https:\/\/encuentroinformativo.com.mx\/wp-content\/uploads\/2023\/05\/IMG_4179-1024x768.jpg 1024w, https:\/\/encuentroinformativo.com.mx\/wp-content\/uploads\/2023\/05\/IMG_4179-300x225.jpg 300w, https:\/\/encuentroinformativo.com.mx\/wp-content\/uploads\/2023\/05\/IMG_4179-768x576.jpg 768w, https:\/\/encuentroinformativo.com.mx\/wp-content\/uploads\/2023\/05\/IMG_4179-1536x1152.jpg 1536w, https:\/\/encuentroinformativo.com.mx\/wp-content\/uploads\/2023\/05\/IMG_4179.jpg 2016w\" sizes=\"auto, (max-width: 1024px) 100vw, 1024px\" \/><\/figure>\n\n\n\n<figure class=\"wp-block-image size-large\"><img loading=\"lazy\" decoding=\"async\" width=\"1024\" height=\"768\" src=\"https:\/\/encuentroinformativo.com.mx\/wp-content\/uploads\/2023\/05\/IMG_4215-1024x768.jpg\" alt=\"\" class=\"wp-image-41196\" srcset=\"https:\/\/encuentroinformativo.com.mx\/wp-content\/uploads\/2023\/05\/IMG_4215-1024x768.jpg 1024w, https:\/\/encuentroinformativo.com.mx\/wp-content\/uploads\/2023\/05\/IMG_4215-300x225.jpg 300w, https:\/\/encuentroinformativo.com.mx\/wp-content\/uploads\/2023\/05\/IMG_4215-768x576.jpg 768w, https:\/\/encuentroinformativo.com.mx\/wp-content\/uploads\/2023\/05\/IMG_4215-1536x1152.jpg 1536w, https:\/\/encuentroinformativo.com.mx\/wp-content\/uploads\/2023\/05\/IMG_4215.jpg 2016w\" sizes=\"auto, (max-width: 1024px) 100vw, 1024px\" \/><\/figure>\n","protected":false},"excerpt":{"rendered":"<p>Juan Arcos\/Dar\u00edo Pale Xalapa, Ver.- Personal m\u00e9dico, camilleros, qu\u00edmicos y estudiantes de enfermer\u00eda protestaron y marcharon en la ciudad de Xalapa, en rechazo al decreto que atenta contra la licenciatura de Enfermer\u00eda y promueve la disminuci\u00f3n de salarios. Los quejosos se concentraron afuera del Teatro del Estado \u201cIgnacio de la Llave\u201d y despu\u00e9s caminaron sobre [&hellip;]<\/p>\n","protected":false},"author":2476,"featured_media":41193,"comment_status":"open","ping_status":"open","sticky":false,"template":"","format":"standard","meta":{"_jetpack_memberships_contains_paid_content":false,"footnotes":""},"categories":[9],"tags":[],"class_list":["post-41192","post","type-post","status-publish","format-standard","has-post-thumbnail","hentry","category-salud"],"jetpack_featured_media_url":"https:\/\/encuentroinformativo.com.mx\/wp-content\/uploads\/2023\/05\/IMG_4198.jpg","jetpack_sharing_enabled":true,"jetpack_likes_enabled":true,"amp_enabled":true,"_links":{"self":[{"href":"https:\/\/encuentroinformativo.com.mx\/index.php?rest_route=\/wp\/v2\/posts\/41192","targetHints":{"allow":["GET"]}}],"collection":[{"href":"https:\/\/encuentroinformativo.com.mx\/index.php?rest_route=\/wp\/v2\/posts"}],"about":[{"href":"https:\/\/encuentroinformativo.com.mx\/index.php?rest_route=\/wp\/v2\/types\/post"}],"author":[{"embeddable":true,"href":"https:\/\/encuentroinformativo.com.mx\/index.php?rest_route=\/wp\/v2\/users\/2476"}],"replies":[{"embeddable":true,"href":"https:\/\/encuentroinformativo.com.mx\/index.php?rest_route=%2Fwp%2Fv2%2Fcomments&post=41192"}],"version-history":[{"count":1,"href":"https:\/\/encuentroinformativo.com.mx\/index.php?rest_route=\/wp\/v2\/posts\/41192\/revisions"}],"predecessor-version":[{"id":41197,"href":"https:\/\/encuentroinformativo.com.mx\/index.php?rest_route=\/wp\/v2\/posts\/41192\/revisions\/41197"}],"wp:featuredmedia":[{"embeddable":true,"href":"https:\/\/encuentroinformativo.com.mx\/index.php?rest_route=\/wp\/v2\/media\/41193"}],"wp:attachment":[{"href":"https:\/\/encuentroinformativo.com.mx\/index.php?rest_route=%2Fwp%2Fv2%2Fmedia&parent=41192"}],"wp:term":[{"taxonomy":"category","embeddable":true,"href":"https:\/\/encuentroinformativo.com.mx\/index.php?rest_route=%2Fwp%2Fv2%2Fcategories&post=41192"},{"taxonomy":"post_tag","embeddable":true,"href":"https:\/\/encuentroinformativo.com.mx\/index.php?rest_route=%2Fwp%2Fv2%2Ftags&post=41192"}],"curies":[{"name":"wp","href":"https:\/\/api.w.org\/{rel}","templated":true}]}}