{"id":41206,"date":"2023-05-25T18:48:23","date_gmt":"2023-05-26T00:48:23","guid":{"rendered":"https:\/\/encuentroinformativo.com.mx\/?p=41206"},"modified":"2023-05-25T18:48:26","modified_gmt":"2023-05-26T00:48:26","slug":"entrega-alcalde-jm-unanue-aparatos-funcionales-a-boquenos-que-mas-lo-necesitan","status":"publish","type":"post","link":"https:\/\/encuentroinformativo.com.mx\/?p=41206","title":{"rendered":"Entrega alcalde JM Un\u00e1nue aparatos funcionales a boque\u00f1os que m\u00e1s lo necesitan"},"content":{"rendered":"\n<p><strong>*<em>Junto a la presidenta del DIF Municipal, el Alcalde hizo entrega de 100 aparatos funcionales<\/em>.<\/strong><\/p>\n\n\n\n<p>Boca del R\u00edo, Ver.- Este jueves el alcalde de Boca del Rio, Juan Manuel Unanue Abascal y la presidenta del DIF municipal, Melina Rivera de Un\u00e1nue, realizaron la segunda entrega de aparatos funcionales de este a\u00f1o a boque\u00f1os que m\u00e1s lo necesitan.<\/p>\n\n\n\n<p>El presidente municipal destac\u00f3 que en el municipio se contin\u00faa trabajando todos los d\u00edas para que la ciudad siga creciendo, pero siempre anteponiendo las necesidades de su poblaci\u00f3n.<\/p>\n\n\n\n<p>\u201cGracias a todo el equipo que tengo podemos lograr este tipo de acciones, obras, programas en beneficio de todos y todas ustedes. Desde el d\u00eda uno de mi administraci\u00f3n, el ayudar un poco, poner nuestro granito de arena a las familias de Boca del R\u00edo, a trav\u00e9s de este tipo de programas y beneficios, es sumamente importante para que ustedes sigan adelante\u201d, manifest\u00f3 el Alcalde.<\/p>\n\n\n\n<p>Fueron m\u00e1s de 100 aparatos funcionales los que se entregaron en esta ocasi\u00f3n, en su mayor\u00eda sillas de ruedas, pero tambi\u00e9n se otorgaron bastones de 4 puntos, andaderas y muletas.<\/p>\n\n\n\n<p>El alcalde afirm\u00f3 que el DIF boque\u00f1o y la administraci\u00f3n municipal a su cargo, continuar\u00e1n trabajando para otorgar estos y otros apoyos a la poblaci\u00f3n que m\u00e1s lo necesite.<\/p>\n\n\n\n<p>Por su parte, Melina Rivera de Un\u00e1nue, record\u00f3 que la entrega de aparatos funcionales es un compromiso que su esposo, el alcalde Juan Manuel Un\u00e1nue, hizo al inicio de su administraci\u00f3n, por lo que desde el DIF municipal trabajan todos los d\u00edas para brindar este tipo de ayuda.<\/p>\n\n\n\n<p>\u201cEn el DIF municipal, por solicitud de mi esposo, recibimos a todos los boque\u00f1os que nos solicitan alguna silla de ruedas, una andadera o un bast\u00f3n, porque sabemos lo necesario que son estos aparatos para su vida diaria. Espero que con estos apoyos podamos contribuir a su bienestar y a mejorar su calidad de vida\u201d, expres\u00f3 Rivera de Un\u00e1nue.<\/p>\n\n\n\n<p>La entrega de aparatos funcionales se llev\u00f3 a cabo en la plaza c\u00edvica Benito Ju\u00e1rez; el alcalde estuvo acompa\u00f1ado de regidores y directores municipales a quienes agradeci\u00f3 el compromiso con los ciudadanos.<\/p>\n\n\n\n<figure class=\"wp-block-image size-large\"><img loading=\"lazy\" decoding=\"async\" width=\"1024\" height=\"682\" src=\"https:\/\/encuentroinformativo.com.mx\/wp-content\/uploads\/2023\/05\/IMG-20230525-WA0124-1024x682.jpg\" alt=\"\" class=\"wp-image-41208\" srcset=\"https:\/\/encuentroinformativo.com.mx\/wp-content\/uploads\/2023\/05\/IMG-20230525-WA0124-1024x682.jpg 1024w, https:\/\/encuentroinformativo.com.mx\/wp-content\/uploads\/2023\/05\/IMG-20230525-WA0124-300x200.jpg 300w, https:\/\/encuentroinformativo.com.mx\/wp-content\/uploads\/2023\/05\/IMG-20230525-WA0124-768x512.jpg 768w, https:\/\/encuentroinformativo.com.mx\/wp-content\/uploads\/2023\/05\/IMG-20230525-WA0124-1536x1023.jpg 1536w, https:\/\/encuentroinformativo.com.mx\/wp-content\/uploads\/2023\/05\/IMG-20230525-WA0124.jpg 1600w\" sizes=\"auto, (max-width: 1024px) 100vw, 1024px\" \/><\/figure>\n","protected":false},"excerpt":{"rendered":"<p>*Junto a la presidenta del DIF Municipal, el Alcalde hizo entrega de 100 aparatos funcionales. Boca del R\u00edo, Ver.- Este jueves el alcalde de Boca del Rio, Juan Manuel Unanue Abascal y la presidenta del DIF municipal, Melina Rivera de Un\u00e1nue, realizaron la segunda entrega de aparatos funcionales de este a\u00f1o a boque\u00f1os que m\u00e1s [&hellip;]<\/p>\n","protected":false},"author":2476,"featured_media":41207,"comment_status":"open","ping_status":"open","sticky":false,"template":"","format":"standard","meta":{"_jetpack_memberships_contains_paid_content":false,"footnotes":""},"categories":[2],"tags":[],"class_list":["post-41206","post","type-post","status-publish","format-standard","has-post-thumbnail","hentry","category-estado"],"jetpack_featured_media_url":"https:\/\/encuentroinformativo.com.mx\/wp-content\/uploads\/2023\/05\/IMG-20230525-WA01222.jpg","jetpack_sharing_enabled":true,"jetpack_likes_enabled":true,"amp_enabled":true,"_links":{"self":[{"href":"https:\/\/encuentroinformativo.com.mx\/index.php?rest_route=\/wp\/v2\/posts\/41206","targetHints":{"allow":["GET"]}}],"collection":[{"href":"https:\/\/encuentroinformativo.com.mx\/index.php?rest_route=\/wp\/v2\/posts"}],"about":[{"href":"https:\/\/encuentroinformativo.com.mx\/index.php?rest_route=\/wp\/v2\/types\/post"}],"author":[{"embeddable":true,"href":"https:\/\/encuentroinformativo.com.mx\/index.php?rest_route=\/wp\/v2\/users\/2476"}],"replies":[{"embeddable":true,"href":"https:\/\/encuentroinformativo.com.mx\/index.php?rest_route=%2Fwp%2Fv2%2Fcomments&post=41206"}],"version-history":[{"count":1,"href":"https:\/\/encuentroinformativo.com.mx\/index.php?rest_route=\/wp\/v2\/posts\/41206\/revisions"}],"predecessor-version":[{"id":41209,"href":"https:\/\/encuentroinformativo.com.mx\/index.php?rest_route=\/wp\/v2\/posts\/41206\/revisions\/41209"}],"wp:featuredmedia":[{"embeddable":true,"href":"https:\/\/encuentroinformativo.com.mx\/index.php?rest_route=\/wp\/v2\/media\/41207"}],"wp:attachment":[{"href":"https:\/\/encuentroinformativo.com.mx\/index.php?rest_route=%2Fwp%2Fv2%2Fmedia&parent=41206"}],"wp:term":[{"taxonomy":"category","embeddable":true,"href":"https:\/\/encuentroinformativo.com.mx\/index.php?rest_route=%2Fwp%2Fv2%2Fcategories&post=41206"},{"taxonomy":"post_tag","embeddable":true,"href":"https:\/\/encuentroinformativo.com.mx\/index.php?rest_route=%2Fwp%2Fv2%2Ftags&post=41206"}],"curies":[{"name":"wp","href":"https:\/\/api.w.org\/{rel}","templated":true}]}}