{"id":41222,"date":"2023-05-26T12:12:53","date_gmt":"2023-05-26T18:12:53","guid":{"rendered":"https:\/\/encuentroinformativo.com.mx\/?p=41222"},"modified":"2023-05-26T12:13:02","modified_gmt":"2023-05-26T18:13:02","slug":"veracruz-tendra-hermanamiento-con-el-estado-de-falcon-venezuela","status":"publish","type":"post","link":"https:\/\/encuentroinformativo.com.mx\/?p=41222","title":{"rendered":"Veracruz tendr\u00e1 hermanamiento con el estado de Falc\u00f3n, Venezuela"},"content":{"rendered":"\n<p><strong>Alejandro \u00c1vila<\/strong><\/p>\n\n\n\n<p>Veracruz, Ver.- Con la finalidad de reactivar los convenios comerciales entre M\u00e9xico y Venezuela, en pr\u00f3ximas fechas se estar\u00e1 firmando un acuerdo de hermanamiento entre Veracruz y el estado de Falc\u00f3n, destac\u00f3 Francisco Javier Arias C\u00e1rdenas, Embajador Venezuela en M\u00e9xico.<\/p>\n\n\n\n<p>Durante el recibimiento al Buque Escuela &#8220;Sim\u00f3n Bol\u00edvar&#8221; de la Armada Venezolana, el Diplom\u00e1tico destac\u00f3 la importancia de crear sinergia entre las empresas privadas y del estado de ambos pa\u00edses.<\/p>\n\n\n\n<p>&#8220;Reactivar las relaciones comerciales es fundamental, vino hace poco m\u00e1s de tres meses el gobernador de Falc\u00f3n y empezamos con los tr\u00e1mites para hacer una hermandad, entre un estado costero nuestro y petrolero como Falc\u00f3n y el estado de Veracruz, vamos a reavivar esto porque la pandemia nos ha causado problemas, ahora que el gobernador de Veracruz pueda visitar tambi\u00e9n, ver la realidad del estado de Falc\u00f3n, ir activando y promoviendo a trav\u00e9s de los privados, fundamentalmente, pero tambi\u00e9n de las empresas del estado, un relacionamiento que sea productivo tanto para Venezuela, para nuestro pa\u00eds, como para la Rep\u00fablica Mexicana&#8221;, asest\u00f3.<\/p>\n\n\n\n<p>Francisco Javier Arias dijo que uno de los puntos importantes a comercializar es en el sector energ\u00e9tico, ya que Venezuela cuenta con las reservas m\u00e1s grandes de petr\u00f3leo y gas en todo el continente americano.<\/p>\n\n\n\n<p>&#8220;Obviamente que la negociaci\u00f3n, y eso tiene que ver con el bloqueo que venimos sufriendo de los Estados Unidos, que ahora ya se est\u00e1 conversando un poco, pero tiene que ver con reservas probadas para m\u00e1s de 500 a\u00f1os. Espero que ya Dios mediante tengamos ya una alternativa que no sea el hidrocarburo, para esos a\u00f1os, pero est\u00e1 integraci\u00f3n en materia energ\u00e9tica entre M\u00e9xico y Venezuela es fundamental para Am\u00e9rica Latina y el Caribe&#8221;, subray\u00f3.<\/p>\n","protected":false},"excerpt":{"rendered":"<p>Alejandro \u00c1vila Veracruz, Ver.- Con la finalidad de reactivar los convenios comerciales entre M\u00e9xico y Venezuela, en pr\u00f3ximas fechas se estar\u00e1 firmando un acuerdo de hermanamiento entre Veracruz y el estado de Falc\u00f3n, destac\u00f3 Francisco Javier Arias C\u00e1rdenas, Embajador Venezuela en M\u00e9xico. Durante el recibimiento al Buque Escuela &#8220;Sim\u00f3n Bol\u00edvar&#8221; de la Armada Venezolana, el [&hellip;]<\/p>\n","protected":false},"author":2476,"featured_media":41223,"comment_status":"open","ping_status":"open","sticky":false,"template":"","format":"standard","meta":{"_jetpack_memberships_contains_paid_content":false,"footnotes":""},"categories":[2],"tags":[],"class_list":["post-41222","post","type-post","status-publish","format-standard","has-post-thumbnail","hentry","category-estado"],"jetpack_featured_media_url":"https:\/\/encuentroinformativo.com.mx\/wp-content\/uploads\/2023\/05\/IMG-20230526-WA0019.jpg","jetpack_sharing_enabled":true,"jetpack_likes_enabled":true,"amp_enabled":true,"_links":{"self":[{"href":"https:\/\/encuentroinformativo.com.mx\/index.php?rest_route=\/wp\/v2\/posts\/41222","targetHints":{"allow":["GET"]}}],"collection":[{"href":"https:\/\/encuentroinformativo.com.mx\/index.php?rest_route=\/wp\/v2\/posts"}],"about":[{"href":"https:\/\/encuentroinformativo.com.mx\/index.php?rest_route=\/wp\/v2\/types\/post"}],"author":[{"embeddable":true,"href":"https:\/\/encuentroinformativo.com.mx\/index.php?rest_route=\/wp\/v2\/users\/2476"}],"replies":[{"embeddable":true,"href":"https:\/\/encuentroinformativo.com.mx\/index.php?rest_route=%2Fwp%2Fv2%2Fcomments&post=41222"}],"version-history":[{"count":1,"href":"https:\/\/encuentroinformativo.com.mx\/index.php?rest_route=\/wp\/v2\/posts\/41222\/revisions"}],"predecessor-version":[{"id":41224,"href":"https:\/\/encuentroinformativo.com.mx\/index.php?rest_route=\/wp\/v2\/posts\/41222\/revisions\/41224"}],"wp:featuredmedia":[{"embeddable":true,"href":"https:\/\/encuentroinformativo.com.mx\/index.php?rest_route=\/wp\/v2\/media\/41223"}],"wp:attachment":[{"href":"https:\/\/encuentroinformativo.com.mx\/index.php?rest_route=%2Fwp%2Fv2%2Fmedia&parent=41222"}],"wp:term":[{"taxonomy":"category","embeddable":true,"href":"https:\/\/encuentroinformativo.com.mx\/index.php?rest_route=%2Fwp%2Fv2%2Fcategories&post=41222"},{"taxonomy":"post_tag","embeddable":true,"href":"https:\/\/encuentroinformativo.com.mx\/index.php?rest_route=%2Fwp%2Fv2%2Ftags&post=41222"}],"curies":[{"name":"wp","href":"https:\/\/api.w.org\/{rel}","templated":true}]}}