{"id":41225,"date":"2023-05-26T12:21:57","date_gmt":"2023-05-26T18:21:57","guid":{"rendered":"https:\/\/encuentroinformativo.com.mx\/?p=41225"},"modified":"2023-05-26T12:22:08","modified_gmt":"2023-05-26T18:22:08","slug":"brinda-dif-de-veracruz-apoyo-a-vicente-se-encuentra-en-analisis-psiquiatrico","status":"publish","type":"post","link":"https:\/\/encuentroinformativo.com.mx\/?p=41225","title":{"rendered":"Brinda DIF de Veracruz apoyo a Vicente, se encuentra en an\u00e1lisis psiqui\u00e1trico"},"content":{"rendered":"\n<p><strong>Alejandro \u00c1vila<\/strong><\/p>\n\n\n\n<p>Veracruz, Ver.- Vicente, un sujeto de 40 a\u00f1os quien fue expuesto en redes sociales por estar encerrado en una vivienda del fraccionamiento Laguna Real del municipio de Veracruz, fue atendido la tarde de este jueves por la Procuradur\u00eda de la Defensa del Menor del DIF Municipal de Veracruz.<\/p>\n\n\n\n<p>El titular del \u00e1rea, Ibis Dom\u00ednguez Maldonado destac\u00f3 la atenci\u00f3n m\u00e9dica que se le brind\u00f3 a trav\u00e9s del DIF para conocer su condici\u00f3n, y as\u00ed crear un plan de trabajo para brindarle el total apoyo<\/p>\n\n\n\n<p>&#8220;\u00bfQu\u00e9 necesita Vicente?, de entrada hay que determinar cual es la afectaci\u00f3n que tiene, determinar si el tema es de salud mental por esquizofrenia, si es un tema derivado de consumo de alguna sustancia, o sea, \u00bfcu\u00e1l es la afecci\u00f3n?, para que se pueda determinar la l\u00ednea de acci\u00f3n. De entrada ser valorado por un especialista, un psiquiatra, posteriormente que el psiquiatra nos determine o el especialista en la materia, si Vicente requiere de internamiento residencial para tratar su tema o solamente medicaci\u00f3n&#8221;, mencion\u00f3.<\/p>\n\n\n\n<p>El funcionario municipal reconoci\u00f3 que al momento de hacer la intervenci\u00f3n, Vicente se encontraba desaseado y solo, por lo que te vieron de concientizar a la familia sobre esta situaci\u00f3n.<\/p>\n\n\n\n<p>&#8220;Entendemos el tema, porque muchas veces las familias no saben que hacer con un tema de esta naturaleza y m\u00e1xime (\u2026) s\u00ed, claro, hicimos los llamados y el apercibimiento debido tambi\u00e9n, pero m\u00e1s que nada fuimos a tratar de ver como ayudar, a hacer trabajar a sociedad, familia, DIF, para poder sacar el tema adelante, y hoy Vicente requiere de nuestro apoyo y tambi\u00e9n el acompa\u00f1amiento de su familia que es lo importante&#8221;, agreg\u00f3.<\/p>\n","protected":false},"excerpt":{"rendered":"<p>Alejandro \u00c1vila Veracruz, Ver.- Vicente, un sujeto de 40 a\u00f1os quien fue expuesto en redes sociales por estar encerrado en una vivienda del fraccionamiento Laguna Real del municipio de Veracruz, fue atendido la tarde de este jueves por la Procuradur\u00eda de la Defensa del Menor del DIF Municipal de Veracruz. El titular del \u00e1rea, Ibis [&hellip;]<\/p>\n","protected":false},"author":2476,"featured_media":41226,"comment_status":"open","ping_status":"open","sticky":false,"template":"","format":"standard","meta":{"_jetpack_memberships_contains_paid_content":false,"footnotes":""},"categories":[2],"tags":[],"class_list":["post-41225","post","type-post","status-publish","format-standard","has-post-thumbnail","hentry","category-estado"],"jetpack_featured_media_url":"https:\/\/encuentroinformativo.com.mx\/wp-content\/uploads\/2023\/05\/IMG-20230526-WA0029.jpg","jetpack_sharing_enabled":true,"jetpack_likes_enabled":true,"amp_enabled":true,"_links":{"self":[{"href":"https:\/\/encuentroinformativo.com.mx\/index.php?rest_route=\/wp\/v2\/posts\/41225","targetHints":{"allow":["GET"]}}],"collection":[{"href":"https:\/\/encuentroinformativo.com.mx\/index.php?rest_route=\/wp\/v2\/posts"}],"about":[{"href":"https:\/\/encuentroinformativo.com.mx\/index.php?rest_route=\/wp\/v2\/types\/post"}],"author":[{"embeddable":true,"href":"https:\/\/encuentroinformativo.com.mx\/index.php?rest_route=\/wp\/v2\/users\/2476"}],"replies":[{"embeddable":true,"href":"https:\/\/encuentroinformativo.com.mx\/index.php?rest_route=%2Fwp%2Fv2%2Fcomments&post=41225"}],"version-history":[{"count":1,"href":"https:\/\/encuentroinformativo.com.mx\/index.php?rest_route=\/wp\/v2\/posts\/41225\/revisions"}],"predecessor-version":[{"id":41227,"href":"https:\/\/encuentroinformativo.com.mx\/index.php?rest_route=\/wp\/v2\/posts\/41225\/revisions\/41227"}],"wp:featuredmedia":[{"embeddable":true,"href":"https:\/\/encuentroinformativo.com.mx\/index.php?rest_route=\/wp\/v2\/media\/41226"}],"wp:attachment":[{"href":"https:\/\/encuentroinformativo.com.mx\/index.php?rest_route=%2Fwp%2Fv2%2Fmedia&parent=41225"}],"wp:term":[{"taxonomy":"category","embeddable":true,"href":"https:\/\/encuentroinformativo.com.mx\/index.php?rest_route=%2Fwp%2Fv2%2Fcategories&post=41225"},{"taxonomy":"post_tag","embeddable":true,"href":"https:\/\/encuentroinformativo.com.mx\/index.php?rest_route=%2Fwp%2Fv2%2Ftags&post=41225"}],"curies":[{"name":"wp","href":"https:\/\/api.w.org\/{rel}","templated":true}]}}