{"id":41228,"date":"2023-05-26T12:33:59","date_gmt":"2023-05-26T18:33:59","guid":{"rendered":"https:\/\/encuentroinformativo.com.mx\/?p=41228"},"modified":"2023-05-26T12:34:04","modified_gmt":"2023-05-26T18:34:04","slug":"niega-alcaldesa-de-villa-aldama-trata-de-personas-en-su-municipio","status":"publish","type":"post","link":"https:\/\/encuentroinformativo.com.mx\/?p=41228","title":{"rendered":"Niega Alcaldesa de Villa Aldama trata de personas en su municipio"},"content":{"rendered":"\n<p><strong>Dar\u00edo Pale <\/strong><\/p>\n\n\n\n<p>Xalapa, Ver.- Rechaza categ\u00f3ricamente que haya una red de trata de menores que este siendo protegida por las autoridades como lo asegura la t\u00eda de la menor F\u00e1tima Cristal Gonz\u00e1lez Platas, son especulaciones, presume que Gobernador da instrucciones en la Fiscal\u00eda General del Estado (FGE), as\u00ed lo inform\u00f3 la alcaldesa de Villa Aldama, Guadalupe Romero S\u00e1nchez.<\/p>\n\n\n\n<p>En entrevista se\u00f1al\u00f3 que, &#8220;no es cierto, la Fiscal\u00eda est\u00e1 trabajando en el tema, nosotros como autoridades municipales desde un principio le hemos brindado todo el apoyo&#8221;.<\/p>\n\n\n\n<p>Sostuvo que son puras especulaciones, por lo que manifest\u00f3 que todo el que acusa est\u00e1 obligado a probar, por lo que como autoridad municipal cumplieron con base en su \u00e1rea de competencia y debido a que todo est\u00e1 en manos de la Fiscal\u00eda, &#8220;ya no podemos meternos&#8221;.<\/p>\n\n\n\n<p>Cuestionada en relaci\u00f3n a que si ha habido m\u00e1s intentos de secuestro a otras menores, dijo que no han ocurrido casos.<\/p>\n\n\n\n<p>&#8220;No, no para nada, el \u00fanico caso desafortunadamente es el de la ni\u00f1a, pero la Fiscal\u00eda es la que est\u00e1 haciendo el trabajo&#8221;, se\u00f1al\u00f3.<\/p>\n\n\n\n<p>La edil sostuvo que le han brindado todo el apoyo a la t\u00eda y a la abuela de F\u00e1tima, adem\u00e1s, asegur\u00f3 que la Fiscal\u00eda si ha estado investigando en la zona.<\/p>\n\n\n\n<p>Presumi\u00f3 que el gobernador Cuitl\u00e1huac Garc\u00eda Jim\u00e9nez ya atendi\u00f3 a la se\u00f1ora Guadalupe Gonz\u00e1lez Romero.<\/p>\n\n\n\n<p>&#8220;El mismo Gobernador dio la instrucci\u00f3n de que la Fiscal\u00eda d\u00e9 todo su m\u00e1ximo esfuerzo en ese caso. Soy testigo de que el Gobernador gir\u00f3 la instrucci\u00f3n para que la Fiscal\u00eda d\u00e9 una especial atenci\u00f3n en ese caso&#8221;, presumi\u00f3 cuando se trata de un organismo aut\u00f3nomo.<\/p>\n\n\n\n<p>Sostuvo que lo que sucedi\u00f3 con F\u00e1tima no ha causado inquietud, la gente est\u00e1 tranquila.<\/p>\n\n\n\n<p>Ante la desaparici\u00f3n de la menor F\u00e1tima Cristal Gonz\u00e1lez Platas, la alcaldesa inform\u00f3 que incluso la Fiscal\u00eda General del Estado est\u00e1 investigando a la familia de F\u00e1tima, pero dijo que no pod\u00eda decir que hab\u00eda alguna sospecha.<\/p>\n","protected":false},"excerpt":{"rendered":"<p>Dar\u00edo Pale Xalapa, Ver.- Rechaza categ\u00f3ricamente que haya una red de trata de menores que este siendo protegida por las autoridades como lo asegura la t\u00eda de la menor F\u00e1tima Cristal Gonz\u00e1lez Platas, son especulaciones, presume que Gobernador da instrucciones en la Fiscal\u00eda General del Estado (FGE), as\u00ed lo inform\u00f3 la alcaldesa de Villa Aldama, [&hellip;]<\/p>\n","protected":false},"author":2476,"featured_media":41229,"comment_status":"open","ping_status":"open","sticky":false,"template":"","format":"standard","meta":{"_jetpack_memberships_contains_paid_content":false,"footnotes":""},"categories":[8],"tags":[],"class_list":["post-41228","post","type-post","status-publish","format-standard","has-post-thumbnail","hentry","category-region"],"jetpack_featured_media_url":"https:\/\/encuentroinformativo.com.mx\/wp-content\/uploads\/2023\/05\/IMG-20230526-WA00262.jpg","jetpack_sharing_enabled":true,"jetpack_likes_enabled":true,"amp_enabled":true,"_links":{"self":[{"href":"https:\/\/encuentroinformativo.com.mx\/index.php?rest_route=\/wp\/v2\/posts\/41228","targetHints":{"allow":["GET"]}}],"collection":[{"href":"https:\/\/encuentroinformativo.com.mx\/index.php?rest_route=\/wp\/v2\/posts"}],"about":[{"href":"https:\/\/encuentroinformativo.com.mx\/index.php?rest_route=\/wp\/v2\/types\/post"}],"author":[{"embeddable":true,"href":"https:\/\/encuentroinformativo.com.mx\/index.php?rest_route=\/wp\/v2\/users\/2476"}],"replies":[{"embeddable":true,"href":"https:\/\/encuentroinformativo.com.mx\/index.php?rest_route=%2Fwp%2Fv2%2Fcomments&post=41228"}],"version-history":[{"count":1,"href":"https:\/\/encuentroinformativo.com.mx\/index.php?rest_route=\/wp\/v2\/posts\/41228\/revisions"}],"predecessor-version":[{"id":41230,"href":"https:\/\/encuentroinformativo.com.mx\/index.php?rest_route=\/wp\/v2\/posts\/41228\/revisions\/41230"}],"wp:featuredmedia":[{"embeddable":true,"href":"https:\/\/encuentroinformativo.com.mx\/index.php?rest_route=\/wp\/v2\/media\/41229"}],"wp:attachment":[{"href":"https:\/\/encuentroinformativo.com.mx\/index.php?rest_route=%2Fwp%2Fv2%2Fmedia&parent=41228"}],"wp:term":[{"taxonomy":"category","embeddable":true,"href":"https:\/\/encuentroinformativo.com.mx\/index.php?rest_route=%2Fwp%2Fv2%2Fcategories&post=41228"},{"taxonomy":"post_tag","embeddable":true,"href":"https:\/\/encuentroinformativo.com.mx\/index.php?rest_route=%2Fwp%2Fv2%2Ftags&post=41228"}],"curies":[{"name":"wp","href":"https:\/\/api.w.org\/{rel}","templated":true}]}}