{"id":4123,"date":"2020-07-15T11:29:17","date_gmt":"2020-07-15T16:29:17","guid":{"rendered":"https:\/\/encuentroinformativo.com\/?p=4123"},"modified":"2020-07-15T11:29:19","modified_gmt":"2020-07-15T16:29:19","slug":"el-decreto-del-gobernador","status":"publish","type":"post","link":"https:\/\/encuentroinformativo.com.mx\/?p=4123","title":{"rendered":"El decreto del Gobernador"},"content":{"rendered":"\n<p><strong>Los Pol\u00edticos<\/strong><\/p>\n\n\n\n<p><strong>Salvador Mu\u00f1oz<\/strong><br><\/p>\n\n\n\n<p>Me acomodo en mi asiento\u2026 como siempre, ventanilla\u2026 empieza a subir el resto de pasajeros; entonces, un joven se para a mi lado, checa el boleto \u00a1y se sienta junto a m\u00ed! \u00a1S\u00ed, tiene un cubrebocas! \u00bfpero d\u00f3nde queda la pinche sana distancia por parte del ADO? Afortunadamente, en cuanto inicia su movimiento la unidad con destino a Xalapa, el joven decide pasarse a un par de asientos vac\u00edos\u2026<\/p>\n\n\n\n<p>II<\/p>\n\n\n\n<p>Este martes, el Gobernador Cuitl\u00e1huac Garc\u00eda anuncia una serie de medidas v\u00eda decreto, para intentar bajar en quince d\u00edas el cromo de nuestro estado.<\/p>\n\n\n\n<p>Hay quienes responsabilizan al Gobierno por las condiciones de salud que se vive en estos momentos en la entidad&#8230; hay quienes responsabilizan a los \u201cirresponsables\u201d que no creen en esta enfermedad\u2026 hay quienes consideran que poco ayud\u00f3 el comportamiento, ya de todos conocido, del mismo Presidente del pa\u00eds al inicio de esta crisis sanitaria\u2026 es claro que cada quien puede poner el dedo a quien mejor le plazca pero al final, hay que tener en cuenta que en estos momentos hay un enemigo en com\u00fan que no es Andr\u00e9s Manuel L\u00f3pez Obrador, ni los liberales, fif\u00eds o chairos\u2026 es un virus.<\/p>\n\n\n\n<p>III<\/p>\n\n\n\n<p>Me cuenta un vecino, cubreboca de por medio, sana distancia de por medio, que hace una semana, falleci\u00f3 su vecina\u2026 \u201c\u00a1por Coronavirus!\u201d me dice alarmado\u2026 que lleg\u00f3 la ambulancia y recomendaron a los cond\u00f3minos que sanitizaran el edificio.<\/p>\n\n\n\n<p>El empleado de conocida empresa de servicio de cable cuenta a la Mujer que adem\u00e1s de los aditamentos propios para su protecci\u00f3n sanitaria, como el cubrebocas y la careta, reciben pl\u00e1ticas de parte del Seguro Social\u2026 \u201cpara que creamos que es cierto el Coronavirus\u201d&#8230; los amigos del IMSS me cuentan que se trata de un programa para empresas para el Sano Retorno. Despu\u00e9s de instalar los equipos, hace una llamada a la central y una persona pregunta a la Mujer si el t\u00e9cnico contaba con determinados aditamentos de protecci\u00f3n sanitaria\u2026<\/p>\n\n\n\n<p>Aunque no lo crea, conozco personas que dejan todo en manos de Dios y quiz\u00e1s por eso, religiosamente van todos los d\u00edas a visitar a su madre\u2026 sin cubrebocas, sin gel, sin lavado de manos\u2026 \u00a1mucha fe! Afuera, la abuela juega con el par de nietos en el estacionamiento\u2026 la misma se\u00f1ora que luego la ve\u00eda all\u00e1, en el \u00e1rea de juegos infantiles del parque\u2026 \u201cla ve\u00eda\u201d, porque ahora, como la maleza est\u00e1 a todo lo alto, dejaron de ir\u2026 ejemplos varios del comportamiento social podemos dar muchos y es seguro que usted, conozca m\u00e1s\u2026<\/p>\n\n\n\n<p>IV<\/p>\n\n\n\n<p>\u00bfSu gobierno municipal es responsable de lo que acontece en este momento en torno a la pandemia? \u00bfsu gobierno estatal? \u00bfsu gobierno federal? \u00a1Es posible! Pero, expl\u00edqueme, c\u00f3mo es que municipios como Veracruz, C\u00f3rdoba, Orizaba, que desde un inicio generaron cantidad de acciones para contener la pandemia, hayan estado junto con Coatzacoalcos entre los que m\u00e1s casos aportaron de Covid-19. Bueno, una respuesta simple puede ser por ser lo que son\u2026 es decir, al ser estos municipios una especie de Ciudades ancla, donde en su entorno hay otros municipios m\u00e1s peque\u00f1os, los centros hospitalarios se concentran en ellos y puede que en Orizaba, lleguen pacientes de R\u00edo Blanco, Fort\u00edn, Ixtac, Mariano Escobedo, Nogales y esto se repita en los otros\u2026 aunque tambi\u00e9n est\u00e1 el factor social, el factor ciudadano\u2026 \u00e9se que pone todo en manos de Dios, que no cree en el coronavirus o simplemente manda a la goma a sus autoridades&#8230;<\/p>\n\n\n\n<p>El decreto del Gobernador que determina las medidas temporales que entran en vigencia este mi\u00e9rcoles y concluyen el fin de mes, para reducir la aglomeraci\u00f3n y movilidad, contempla a 37 municipios, pero curiosamente no est\u00e1 Veracruz, el Puerto\u2026 curioso\u2026 y preocupante\u2026 no vaya a haber plan con ma\u00f1a en su exclusi\u00f3n&#8230;&nbsp;<\/p>\n\n\n\n<p>V<\/p>\n\n\n\n<p>El ADO va a hacer una escala en C\u00f3rdoba\u2026 por la ventana, observo a sus ciudadanos\u2026 da gusto ver que de cada 10, uno no usa cubrebocas\u2026 cuando se llega a la estaci\u00f3n, se percibe mucho movimiento en el abordaje\u2026 un par de pasajeros se dirige al muchacho que en Orizaba se hab\u00eda sentado a mi lado, le muestran los boletos y el chavo se par\u00f3 y se vuelve a sentar junto a m\u00ed\u2026 lanzo una mirada a los dem\u00e1s asientos y confirmo: \u00bfD\u00f3nde queda la pinche sana distancia por parte del ADO? Ojal\u00e1 el decreto del Gobernador, donde restringe al 50% el n\u00famero de pasajeros por viaje para el servicio de transporte p\u00fablico, ocupando exclusivamente los asientos de ventanilla, tambi\u00e9n en el ADO se aplicara\u2026<\/p>\n\n\n\n<p>PD Antes de hacer \u201cmimi\u201d, corrigen la exclusi\u00f3n\u2026 no hubo plan con ma\u00f1a, sino un ligero error al no incluir al municipio de Veracruz en el decreto antes citado&#8230;<br><\/p>\n\n\n\n<p><a href=\"mailto:smcainito@gmail.com\" target=\"_blank\" rel=\"noreferrer noopener\">smcainito@gmail.com<\/a><\/p>\n","protected":false},"excerpt":{"rendered":"<p>Los Pol\u00edticos Salvador Mu\u00f1oz Me acomodo en mi asiento\u2026 como siempre, ventanilla\u2026 empieza a subir el resto de pasajeros; entonces, un joven se para a mi lado, checa el boleto \u00a1y se sienta junto a m\u00ed! \u00a1S\u00ed, tiene un cubrebocas! \u00bfpero d\u00f3nde queda la pinche sana distancia por parte del ADO? Afortunadamente, en cuanto inicia [&hellip;]<\/p>\n","protected":false},"author":1,"featured_media":387,"comment_status":"open","ping_status":"open","sticky":false,"template":"","format":"standard","meta":{"_jetpack_memberships_contains_paid_content":false,"footnotes":""},"categories":[11],"tags":[],"class_list":["post-4123","post","type-post","status-publish","format-standard","has-post-thumbnail","hentry","category-opinion"],"jetpack_featured_media_url":"https:\/\/encuentroinformativo.com.mx\/wp-content\/uploads\/2020\/03\/7CF8A22B-2764-47BE-8F7F-38FE9E5D6A2F.jpeg","jetpack_sharing_enabled":true,"jetpack_likes_enabled":true,"amp_enabled":true,"_links":{"self":[{"href":"https:\/\/encuentroinformativo.com.mx\/index.php?rest_route=\/wp\/v2\/posts\/4123","targetHints":{"allow":["GET"]}}],"collection":[{"href":"https:\/\/encuentroinformativo.com.mx\/index.php?rest_route=\/wp\/v2\/posts"}],"about":[{"href":"https:\/\/encuentroinformativo.com.mx\/index.php?rest_route=\/wp\/v2\/types\/post"}],"author":[{"embeddable":true,"href":"https:\/\/encuentroinformativo.com.mx\/index.php?rest_route=\/wp\/v2\/users\/1"}],"replies":[{"embeddable":true,"href":"https:\/\/encuentroinformativo.com.mx\/index.php?rest_route=%2Fwp%2Fv2%2Fcomments&post=4123"}],"version-history":[{"count":1,"href":"https:\/\/encuentroinformativo.com.mx\/index.php?rest_route=\/wp\/v2\/posts\/4123\/revisions"}],"predecessor-version":[{"id":4124,"href":"https:\/\/encuentroinformativo.com.mx\/index.php?rest_route=\/wp\/v2\/posts\/4123\/revisions\/4124"}],"wp:featuredmedia":[{"embeddable":true,"href":"https:\/\/encuentroinformativo.com.mx\/index.php?rest_route=\/wp\/v2\/media\/387"}],"wp:attachment":[{"href":"https:\/\/encuentroinformativo.com.mx\/index.php?rest_route=%2Fwp%2Fv2%2Fmedia&parent=4123"}],"wp:term":[{"taxonomy":"category","embeddable":true,"href":"https:\/\/encuentroinformativo.com.mx\/index.php?rest_route=%2Fwp%2Fv2%2Fcategories&post=4123"},{"taxonomy":"post_tag","embeddable":true,"href":"https:\/\/encuentroinformativo.com.mx\/index.php?rest_route=%2Fwp%2Fv2%2Ftags&post=4123"}],"curies":[{"name":"wp","href":"https:\/\/api.w.org\/{rel}","templated":true}]}}