{"id":41238,"date":"2023-05-26T12:06:35","date_gmt":"2023-05-26T18:06:35","guid":{"rendered":"https:\/\/encuentroinformativo.com.mx\/?p=41238"},"modified":"2023-05-26T14:26:34","modified_gmt":"2023-05-26T20:26:34","slug":"exhortan-a-automovilistas-conducir-con-precaucion-sobre-lazaro-cardenas","status":"publish","type":"post","link":"https:\/\/encuentroinformativo.com.mx\/?p=41238","title":{"rendered":"Exhortan a automovilistas  conducir con precauci\u00f3n sobre L\u00e1zaro C\u00e1rdenas"},"content":{"rendered":"\n<p><strong>Dar\u00edo Pale <\/strong><\/p>\n\n\n\n<p>Xalapa, Ver.- Hacen un llamado a la poblaci\u00f3n para extremar precauciones luego de los dos accidentes que se registraron la noche del jueves en la avenida L\u00e1zaro C\u00e1rdenas, as\u00ed lo inform\u00f3 el jefe del Departamento de Movilidad Urbana del ayuntamiento de Xalapa, Alfonso L\u00f3pez Pineda.<\/p>\n\n\n\n<p>En entrevista el funcionario record\u00f3 que hay tramos de la v\u00eda de comunicaci\u00f3n que siguen siendo intervenidos por las empresas constructoras que fueron contratadas por el ayuntamiento.<\/p>\n\n\n\n<p>Indic\u00f3 que tanto autoridades como trabajadores de las obras han se\u00f1alizado los puntos intervenidos, aunque diferentes factores como el exceso de velocidad influyen en la generaci\u00f3n de los accidentes.\u00a0<\/p>\n\n\n\n<p>\u201cHay una combinaci\u00f3n de causas, un exceso de velocidad, una distracci\u00f3n, una reducci\u00f3n de los carriles en raz\u00f3n a la obra y sucede lo que vimos\u201d, coment\u00f3.\u00a0<\/p>\n\n\n\n<p>\u201cSiendo la avenida L\u00e1zaro C\u00e1rdenas la avenida m\u00e1s transitada de la ciudad y donde coincide el movimiento urbano y carretero por supuesto hay que extremar precauciones en esa zona\u201d, agreg\u00f3.<\/p>\n\n\n\n<p>Alfonso L\u00f3pez Pineda destac\u00f3 que el proceso de obras realizadas en la ciudad evoluciona favorablemente, pues los constructores han respondido a las recomendaciones emitidas por las autoridades de Tr\u00e1nsito.\u00a0<\/p>\n\n\n\n<p>Por \u00faltimo indic\u00f3 que la circulaci\u00f3n vehicular fluye pese a las demoras en los trabajos de avenidas como Circuito Presidentes y Arco Sur, donde a\u00fan se trabaja en la pavimentaci\u00f3n con concreto hidr\u00e1ulico.<\/p>\n","protected":false},"excerpt":{"rendered":"<p>Dar\u00edo Pale Xalapa, Ver.- Hacen un llamado a la poblaci\u00f3n para extremar precauciones luego de los dos accidentes que se registraron la noche del jueves en la avenida L\u00e1zaro C\u00e1rdenas, as\u00ed lo inform\u00f3 el jefe del Departamento de Movilidad Urbana del ayuntamiento de Xalapa, Alfonso L\u00f3pez Pineda. En entrevista el funcionario record\u00f3 que hay tramos [&hellip;]<\/p>\n","protected":false},"author":2476,"featured_media":41239,"comment_status":"open","ping_status":"open","sticky":false,"template":"","format":"standard","meta":{"_jetpack_memberships_contains_paid_content":false,"footnotes":""},"categories":[3],"tags":[],"class_list":["post-41238","post","type-post","status-publish","format-standard","has-post-thumbnail","hentry","category-xalapa"],"jetpack_featured_media_url":"https:\/\/encuentroinformativo.com.mx\/wp-content\/uploads\/2023\/05\/IMG-20230526-WA00452.jpg","jetpack_sharing_enabled":true,"jetpack_likes_enabled":true,"amp_enabled":true,"_links":{"self":[{"href":"https:\/\/encuentroinformativo.com.mx\/index.php?rest_route=\/wp\/v2\/posts\/41238","targetHints":{"allow":["GET"]}}],"collection":[{"href":"https:\/\/encuentroinformativo.com.mx\/index.php?rest_route=\/wp\/v2\/posts"}],"about":[{"href":"https:\/\/encuentroinformativo.com.mx\/index.php?rest_route=\/wp\/v2\/types\/post"}],"author":[{"embeddable":true,"href":"https:\/\/encuentroinformativo.com.mx\/index.php?rest_route=\/wp\/v2\/users\/2476"}],"replies":[{"embeddable":true,"href":"https:\/\/encuentroinformativo.com.mx\/index.php?rest_route=%2Fwp%2Fv2%2Fcomments&post=41238"}],"version-history":[{"count":1,"href":"https:\/\/encuentroinformativo.com.mx\/index.php?rest_route=\/wp\/v2\/posts\/41238\/revisions"}],"predecessor-version":[{"id":41240,"href":"https:\/\/encuentroinformativo.com.mx\/index.php?rest_route=\/wp\/v2\/posts\/41238\/revisions\/41240"}],"wp:featuredmedia":[{"embeddable":true,"href":"https:\/\/encuentroinformativo.com.mx\/index.php?rest_route=\/wp\/v2\/media\/41239"}],"wp:attachment":[{"href":"https:\/\/encuentroinformativo.com.mx\/index.php?rest_route=%2Fwp%2Fv2%2Fmedia&parent=41238"}],"wp:term":[{"taxonomy":"category","embeddable":true,"href":"https:\/\/encuentroinformativo.com.mx\/index.php?rest_route=%2Fwp%2Fv2%2Fcategories&post=41238"},{"taxonomy":"post_tag","embeddable":true,"href":"https:\/\/encuentroinformativo.com.mx\/index.php?rest_route=%2Fwp%2Fv2%2Ftags&post=41238"}],"curies":[{"name":"wp","href":"https:\/\/api.w.org\/{rel}","templated":true}]}}