{"id":41241,"date":"2023-05-26T21:06:24","date_gmt":"2023-05-27T03:06:24","guid":{"rendered":"https:\/\/encuentroinformativo.com.mx\/?p=41241"},"modified":"2023-05-26T21:06:28","modified_gmt":"2023-05-27T03:06:28","slug":"capturan-a-presunto-responsable-de-homicidio-de-maria-elena-ferral","status":"publish","type":"post","link":"https:\/\/encuentroinformativo.com.mx\/?p=41241","title":{"rendered":"Capturan a presunto responsable de homicidio de Mar\u00eda Elena Ferral"},"content":{"rendered":"\n<p><strong>Juan Arcos <\/strong><\/p>\n\n\n\n<p>Xalapa, Ver.- Este viernes 26 de mayo se dio a conocer la captura de Alfredo Ernesto \u201cN\u201d, alias \u201cEl Tortillero\u201d, en el estado de Tamaulipas, como presunto responsable del delito de homicidio doloso calificado en agravio de la periodista Mar\u00eda Elena Ferral Hern\u00e1ndez.<\/p>\n\n\n\n<p>La Fiscal\u00eda General del Estado (FGE), encabezada por Ver\u00f3nica Hern\u00e1ndez Giad\u00e1ns, inform\u00f3 que polic\u00edas ministeriales, en coordinaci\u00f3n con elementos de la Coordinaci\u00f3n Nacional Antisecuestro (CONASE), cumplimentaron orden de aprehensi\u00f3n contra dicho sujeto.<\/p>\n\n\n\n<p>De acuerdo con fuentes extraoficiales, \u201cEl Tortillero\u201d es se\u00f1alado como uno de los autores intelectuales del crimen ocurrido el 30 de marzo de 2020, en pleno centro de Papantla, lo cual fue planeado con otras personas del \u00e1mbito pol\u00edtico en la zona norte del estado de Veracruz.<\/p>\n\n\n\n<p>La Fiscal\u00eda de Veracruz revel\u00f3 que el detenido ser\u00eda presentado ante un juez del Juzgado de Proceso y Procedimiento Penal Oral de Distrito Judicial de Papantla, para que se resuelva su situaci\u00f3n jur\u00eddica, dentro del proceso penal 46\/2020.<\/p>\n\n\n\n<p>El pasado 18 de mayo, autoridades de Veracruz dieron a conocer que los asesinos materiales de la periodista Mar\u00eda Elena Ferral Hern\u00e1ndez fueron sentenciados a 30 a\u00f1os de prisi\u00f3n. Se trata de Carlos P\u00e9rez Jim\u00e9nez, Alfredo P\u00e9rez Jim\u00e9nez y Othoniel Hern\u00e1ndez Cano, autores materiales del asesinato de la comunicadora.<\/p>\n\n\n\n<p>Por este caso hay otras personas detenidas sin sentencias, en etapa de audiencias intermedias, y tambi\u00e9n est\u00e1 pr\u00f3fugo de la justicia Basilio Picazo P\u00e9rez, exalcalde de Coyutla, otro presunto autor intelectual del asesinato.<\/p>\n\n\n\n<p>Mar\u00eda Elena Ferral fue asesinada el 30 de marzo de 2020, luego de salir de una notar\u00eda p\u00fablica, ubicada en el centro de Papantla, cuando hombres a bordo de una motocicleta la interceptaron y le dispararon.<\/p>\n\n\n\n<p>Othoniel conduc\u00eda la motocicleta en la que viajaba el hombre que dispar\u00f3 en contra de Mar\u00eda Elena sobre la calle Francisco Javier Mina, casi esquina con Obispo de las Casas, cuando ella se dirig\u00eda a su veh\u00edculo.<\/p>\n\n\n\n<p>Se sabe que Alfredo y Carlos eran los encargados de vigilar los movimientos de la reportera para concretar el ataque armado. Mar\u00eda Elena fue trasladada a un hospital de Poza Rica, pero muri\u00f3 en el trayecto por la gravedad de las lesiones.<\/p>\n\n\n\n<p>Tambi\u00e9n ha circulado la versi\u00f3n de que Alfredo Ernesto \u201cN\u201d, m\u00e1s conocido como \u201cEl Tortillero\u201d, es quien dispar\u00f3 el arma que acab\u00f3 con la vida de la periodista Mar\u00eda Elena Ferral.<\/p>\n\n\n\n<p>Las organizaciones Propuesta C\u00edvica y Reporteros Sin Fronteras sostienen que la comunicadora fue asesinada porque investigaba casos de \u201cnarcopol\u00edtica\u201d en la regi\u00f3n del Totonacapan.<\/p>\n","protected":false},"excerpt":{"rendered":"<p>Juan Arcos Xalapa, Ver.- Este viernes 26 de mayo se dio a conocer la captura de Alfredo Ernesto \u201cN\u201d, alias \u201cEl Tortillero\u201d, en el estado de Tamaulipas, como presunto responsable del delito de homicidio doloso calificado en agravio de la periodista Mar\u00eda Elena Ferral Hern\u00e1ndez. La Fiscal\u00eda General del Estado (FGE), encabezada por Ver\u00f3nica Hern\u00e1ndez [&hellip;]<\/p>\n","protected":false},"author":2476,"featured_media":41242,"comment_status":"open","ping_status":"open","sticky":false,"template":"","format":"standard","meta":{"_jetpack_memberships_contains_paid_content":false,"footnotes":""},"categories":[14],"tags":[],"class_list":["post-41241","post","type-post","status-publish","format-standard","has-post-thumbnail","hentry","category-policiaca"],"jetpack_featured_media_url":"https:\/\/encuentroinformativo.com.mx\/wp-content\/uploads\/2023\/05\/b8255d2f-a8e6-4d87-993b-6ee697f1eaa0.jpg","jetpack_sharing_enabled":true,"jetpack_likes_enabled":true,"amp_enabled":true,"_links":{"self":[{"href":"https:\/\/encuentroinformativo.com.mx\/index.php?rest_route=\/wp\/v2\/posts\/41241","targetHints":{"allow":["GET"]}}],"collection":[{"href":"https:\/\/encuentroinformativo.com.mx\/index.php?rest_route=\/wp\/v2\/posts"}],"about":[{"href":"https:\/\/encuentroinformativo.com.mx\/index.php?rest_route=\/wp\/v2\/types\/post"}],"author":[{"embeddable":true,"href":"https:\/\/encuentroinformativo.com.mx\/index.php?rest_route=\/wp\/v2\/users\/2476"}],"replies":[{"embeddable":true,"href":"https:\/\/encuentroinformativo.com.mx\/index.php?rest_route=%2Fwp%2Fv2%2Fcomments&post=41241"}],"version-history":[{"count":1,"href":"https:\/\/encuentroinformativo.com.mx\/index.php?rest_route=\/wp\/v2\/posts\/41241\/revisions"}],"predecessor-version":[{"id":41243,"href":"https:\/\/encuentroinformativo.com.mx\/index.php?rest_route=\/wp\/v2\/posts\/41241\/revisions\/41243"}],"wp:featuredmedia":[{"embeddable":true,"href":"https:\/\/encuentroinformativo.com.mx\/index.php?rest_route=\/wp\/v2\/media\/41242"}],"wp:attachment":[{"href":"https:\/\/encuentroinformativo.com.mx\/index.php?rest_route=%2Fwp%2Fv2%2Fmedia&parent=41241"}],"wp:term":[{"taxonomy":"category","embeddable":true,"href":"https:\/\/encuentroinformativo.com.mx\/index.php?rest_route=%2Fwp%2Fv2%2Fcategories&post=41241"},{"taxonomy":"post_tag","embeddable":true,"href":"https:\/\/encuentroinformativo.com.mx\/index.php?rest_route=%2Fwp%2Fv2%2Ftags&post=41241"}],"curies":[{"name":"wp","href":"https:\/\/api.w.org\/{rel}","templated":true}]}}