{"id":41244,"date":"2023-05-26T22:25:19","date_gmt":"2023-05-27T04:25:19","guid":{"rendered":"https:\/\/encuentroinformativo.com.mx\/?p=41244"},"modified":"2023-05-26T22:25:34","modified_gmt":"2023-05-27T04:25:34","slug":"supervisa-titular-de-ssp-operativos-preventivos","status":"publish","type":"post","link":"https:\/\/encuentroinformativo.com.mx\/?p=41244","title":{"rendered":"Supervisa titular de SSP operativos preventivos"},"content":{"rendered":"\n<p>Poza Rica, Ver.- Con el objetivo de preservar el orden y la paz social en el gobierno que encabeza el Ing. Cuitl\u00e1huac Garc\u00eda Jim\u00e9nez, el secretario de seguridad p\u00fablica, Cap. Cuauht\u00e9moc Z\u00fa\u00f1iga Bonilla encabeza y supervisa la implementaci\u00f3n de operativos preventivos, en el marco del reforzamiento en la zona norte de la entidad.<\/p>\n\n\n\n<p>Mediante filtros de inspecci\u00f3n, las fuerzas del orden mantienen acciones coordinadas con los tres \u00f3rdenes de gobierno<\/p>\n\n\n\n<p>La tranquilidad de la poblaci\u00f3n es prioridad en la Cuarta Transformaci\u00f3n en Veracruz.<\/p>\n\n\n\n<figure class=\"wp-block-image size-large\"><img loading=\"lazy\" decoding=\"async\" width=\"1024\" height=\"768\" src=\"https:\/\/encuentroinformativo.com.mx\/wp-content\/uploads\/2023\/05\/FB_IMG_1685161213768-1024x768.jpg\" alt=\"\" class=\"wp-image-41246\" srcset=\"https:\/\/encuentroinformativo.com.mx\/wp-content\/uploads\/2023\/05\/FB_IMG_1685161213768-1024x768.jpg 1024w, https:\/\/encuentroinformativo.com.mx\/wp-content\/uploads\/2023\/05\/FB_IMG_1685161213768-300x225.jpg 300w, https:\/\/encuentroinformativo.com.mx\/wp-content\/uploads\/2023\/05\/FB_IMG_1685161213768-768x576.jpg 768w, https:\/\/encuentroinformativo.com.mx\/wp-content\/uploads\/2023\/05\/FB_IMG_1685161213768.jpg 1080w\" sizes=\"auto, (max-width: 1024px) 100vw, 1024px\" \/><\/figure>\n","protected":false},"excerpt":{"rendered":"<p>Poza Rica, Ver.- Con el objetivo de preservar el orden y la paz social en el gobierno que encabeza el Ing. Cuitl\u00e1huac Garc\u00eda Jim\u00e9nez, el secretario de seguridad p\u00fablica, Cap. Cuauht\u00e9moc Z\u00fa\u00f1iga Bonilla encabeza y supervisa la implementaci\u00f3n de operativos preventivos, en el marco del reforzamiento en la zona norte de la entidad. Mediante filtros [&hellip;]<\/p>\n","protected":false},"author":2476,"featured_media":41245,"comment_status":"open","ping_status":"open","sticky":false,"template":"","format":"standard","meta":{"_jetpack_memberships_contains_paid_content":false,"footnotes":""},"categories":[2],"tags":[],"class_list":["post-41244","post","type-post","status-publish","format-standard","has-post-thumbnail","hentry","category-estado"],"jetpack_featured_media_url":"https:\/\/encuentroinformativo.com.mx\/wp-content\/uploads\/2023\/05\/FB_IMG_1685161184449.jpg","jetpack_sharing_enabled":true,"jetpack_likes_enabled":true,"amp_enabled":true,"_links":{"self":[{"href":"https:\/\/encuentroinformativo.com.mx\/index.php?rest_route=\/wp\/v2\/posts\/41244","targetHints":{"allow":["GET"]}}],"collection":[{"href":"https:\/\/encuentroinformativo.com.mx\/index.php?rest_route=\/wp\/v2\/posts"}],"about":[{"href":"https:\/\/encuentroinformativo.com.mx\/index.php?rest_route=\/wp\/v2\/types\/post"}],"author":[{"embeddable":true,"href":"https:\/\/encuentroinformativo.com.mx\/index.php?rest_route=\/wp\/v2\/users\/2476"}],"replies":[{"embeddable":true,"href":"https:\/\/encuentroinformativo.com.mx\/index.php?rest_route=%2Fwp%2Fv2%2Fcomments&post=41244"}],"version-history":[{"count":1,"href":"https:\/\/encuentroinformativo.com.mx\/index.php?rest_route=\/wp\/v2\/posts\/41244\/revisions"}],"predecessor-version":[{"id":41247,"href":"https:\/\/encuentroinformativo.com.mx\/index.php?rest_route=\/wp\/v2\/posts\/41244\/revisions\/41247"}],"wp:featuredmedia":[{"embeddable":true,"href":"https:\/\/encuentroinformativo.com.mx\/index.php?rest_route=\/wp\/v2\/media\/41245"}],"wp:attachment":[{"href":"https:\/\/encuentroinformativo.com.mx\/index.php?rest_route=%2Fwp%2Fv2%2Fmedia&parent=41244"}],"wp:term":[{"taxonomy":"category","embeddable":true,"href":"https:\/\/encuentroinformativo.com.mx\/index.php?rest_route=%2Fwp%2Fv2%2Fcategories&post=41244"},{"taxonomy":"post_tag","embeddable":true,"href":"https:\/\/encuentroinformativo.com.mx\/index.php?rest_route=%2Fwp%2Fv2%2Ftags&post=41244"}],"curies":[{"name":"wp","href":"https:\/\/api.w.org\/{rel}","templated":true}]}}