{"id":4125,"date":"2020-07-15T11:35:41","date_gmt":"2020-07-15T16:35:41","guid":{"rendered":"https:\/\/encuentroinformativo.com\/?p=4125"},"modified":"2020-07-15T11:35:43","modified_gmt":"2020-07-15T16:35:43","slug":"restringen-movilidad-en-municipios-veracruzanos","status":"publish","type":"post","link":"https:\/\/encuentroinformativo.com.mx\/?p=4125","title":{"rendered":"Restringen movilidad en municipios veracruzanos"},"content":{"rendered":"\n<p><strong>Juan Arcos <\/strong><\/p>\n\n\n\n<p>Xalapa, Ver.- La movilidad es restringida en la zona centro de 37 municipios de Veracruz, para frenar los contagios de SARS-COV-2 (COVID-19).<\/p>\n\n\n\n<p>La determinaci\u00f3n fue publicada en la Gaceta Oficial del Estado de Veracruz n\u00famero 280, con una vigencia del 15 al 31 de julio, en un horario de siete de la ma\u00f1ana a seis de la tarde.<\/p>\n\n\n\n<p>El gobernador del estado, Cuitl\u00e1huac Garc\u00eda Jim\u00e9nez, emiti\u00f3 un decreto que contempla el reforzamiento de las medidas sanitarias, para evitar las aglomeraciones.<\/p>\n\n\n\n<p>Esto ser\u00e1 aplicado en Acayucan, Agua Dulce, \u00c1lamo Temapache, Alvarado, Amatl\u00e1n de los Reyes, Boca del R\u00edo, Carlos A. Carrillo, Coatepec, Coatzacoalcos, Coatzintla, C\u00f3rdoba, Cosamaloapan, Cosoleacaque, Fort\u00edn, Ixtaczoquitl\u00e1n, J\u00e1ltipan, La Antigua.<\/p>\n\n\n\n<p>As\u00ed como tambi\u00e9n, en Las Choapas, Lerdo de Tejada, Mart\u00ednez de la Torre, Medell\u00edn, Minatitl\u00e1n, Nanchital, Nogales, Orizaba, P\u00e1nuco, Papantla, Perote, Poza Rica, R\u00edo Blanco, San Andr\u00e9s Tuxtla, Santiago Tuxtla, Tierra Blanca, Tihuatl\u00e1n, Tres Valles, Tuxpan, Veracruz y Xalapa.<\/p>\n\n\n\n<p>Cabe mencionar que Tlaltetela y Xico no fueron contemplados en dichas medidas, debido a que son pocos los casos que han registrado en comparaci\u00f3n con otras localidades. El primer municipio mencionado ya aplica un toque de queda para disminuir la movilidad y, el segundo, analiza dicha posibilidad.<\/p>\n\n\n\n<p>El decreto gubernamental plantea la instalaci\u00f3n de filtros sanitarios, la continuidad al programa de supervisi\u00f3n permanente de comercios y, sobre todo, la disminuci\u00f3n de transe\u00fantes, aglomeraciones y paseantes.<\/p>\n\n\n\n<p>Adem\u00e1s, se acord\u00f3 restringir al 50 por ciento el n\u00famero de pasajeros en el servicio de transporte p\u00fablico, ocupando exclusivamente los asientos de ventanilla, as\u00ed como supervisar que los usuarios hagan uso del cubrebocas.<\/p>\n\n\n\n<p>Tambi\u00e9n los concesionarios del servicio de transporte p\u00fablico deber\u00e1n desinfectar peri\u00f3dicamente sus unidades y garantizar el uso de gel antibacterial al interior de las mismas.<\/p>\n\n\n\n<p>Las autoridades estatales determinaron restringir al 50 por ciento el n\u00famero de pasajeros en veh\u00edculos particulares.<\/p>\n\n\n\n<p>El Gobernador de Veracruz enfatiz\u00f3 que en una semana la entidad pas\u00f3 del 58 al 64 por ciento en ocupaci\u00f3n hospitalaria y, por ello, era necesario fortalecer las acciones preventivas.<\/p>\n\n\n\n<p>La Secretar\u00eda de Salud estatal report\u00f3, hasta el momento, 2 mil 63 fallecimientos por COVID-19 en 131 de los 212 municipios de la entidad.<\/p>\n\n\n\n<p>Tambi\u00e9n contabiliz\u00f3 14 mil 591 casos positivos en 183 municipios, de los cuales mil 450 son activos. Mientras que 3 mil 23 casos contin\u00faan en investigaci\u00f3n.<\/p>\n\n\n\n<p><\/p>\n","protected":false},"excerpt":{"rendered":"<p>Juan Arcos Xalapa, Ver.- La movilidad es restringida en la zona centro de 37 municipios de Veracruz, para frenar los contagios de SARS-COV-2 (COVID-19). La determinaci\u00f3n fue publicada en la Gaceta Oficial del Estado de Veracruz n\u00famero 280, con una vigencia del 15 al 31 de julio, en un horario de siete de la ma\u00f1ana [&hellip;]<\/p>\n","protected":false},"author":1,"featured_media":4126,"comment_status":"open","ping_status":"open","sticky":false,"template":"","format":"standard","meta":{"_jetpack_memberships_contains_paid_content":false,"footnotes":""},"categories":[2],"tags":[],"class_list":["post-4125","post","type-post","status-publish","format-standard","has-post-thumbnail","hentry","category-estado"],"jetpack_featured_media_url":"https:\/\/encuentroinformativo.com.mx\/wp-content\/uploads\/2020\/07\/D33A73E0-484B-439C-AF47-2988D77A3D09.jpeg","jetpack_sharing_enabled":true,"jetpack_likes_enabled":true,"amp_enabled":true,"_links":{"self":[{"href":"https:\/\/encuentroinformativo.com.mx\/index.php?rest_route=\/wp\/v2\/posts\/4125","targetHints":{"allow":["GET"]}}],"collection":[{"href":"https:\/\/encuentroinformativo.com.mx\/index.php?rest_route=\/wp\/v2\/posts"}],"about":[{"href":"https:\/\/encuentroinformativo.com.mx\/index.php?rest_route=\/wp\/v2\/types\/post"}],"author":[{"embeddable":true,"href":"https:\/\/encuentroinformativo.com.mx\/index.php?rest_route=\/wp\/v2\/users\/1"}],"replies":[{"embeddable":true,"href":"https:\/\/encuentroinformativo.com.mx\/index.php?rest_route=%2Fwp%2Fv2%2Fcomments&post=4125"}],"version-history":[{"count":1,"href":"https:\/\/encuentroinformativo.com.mx\/index.php?rest_route=\/wp\/v2\/posts\/4125\/revisions"}],"predecessor-version":[{"id":4127,"href":"https:\/\/encuentroinformativo.com.mx\/index.php?rest_route=\/wp\/v2\/posts\/4125\/revisions\/4127"}],"wp:featuredmedia":[{"embeddable":true,"href":"https:\/\/encuentroinformativo.com.mx\/index.php?rest_route=\/wp\/v2\/media\/4126"}],"wp:attachment":[{"href":"https:\/\/encuentroinformativo.com.mx\/index.php?rest_route=%2Fwp%2Fv2%2Fmedia&parent=4125"}],"wp:term":[{"taxonomy":"category","embeddable":true,"href":"https:\/\/encuentroinformativo.com.mx\/index.php?rest_route=%2Fwp%2Fv2%2Fcategories&post=4125"},{"taxonomy":"post_tag","embeddable":true,"href":"https:\/\/encuentroinformativo.com.mx\/index.php?rest_route=%2Fwp%2Fv2%2Ftags&post=4125"}],"curies":[{"name":"wp","href":"https:\/\/api.w.org\/{rel}","templated":true}]}}